{"id":2076,"date":"2019-10-17T12:37:00","date_gmt":"2019-10-17T12:37:00","guid":{"rendered":"http:\/\/tegarmobel.com\/tegardlf\/?p=2076"},"modified":"2021-09-27T07:00:25","modified_gmt":"2021-09-27T07:00:25","slug":"novedades-tegar-armario-office","status":"publish","type":"post","link":"https:\/\/tegarmobel.com\/tegardlf\/novedades-tegar-armario-office\/","title":{"rendered":"NOVEDADES TEGAR: Armario office"},"content":{"rendered":"\n<p>Incorporamos a nuestro cat\u00e1logo un nuevo producto presentado en H\u00e1bitat\u201919. Aparentemente se trata de un simple armario de cuatro puertas plegables pero en su interior esconde una pr\u00e1ctica distribuci\u00f3n tipo Office con m\u00f3dulos bajos, altillos y un espacio de trabajo donde ubicar todo el equipamiento necesario para hacer m\u00e1s confortable esta zona com\u00fan y de usos m\u00faltiples.<\/p>\n\n\n\n<figure class=\"wp-block-image size-large\"><img fetchpriority=\"high\" decoding=\"async\" width=\"1024\" height=\"1024\" src=\"http:\/\/tegarmobel.com\/tegardlf\/wp-content\/uploads\/2020\/12\/armario-office_01-1024x1024.jpg\" alt=\"\" class=\"wp-image-2077\" srcset=\"https:\/\/tegarmobel.com\/tegardlf\/wp-content\/uploads\/2020\/12\/armario-office_01-1024x1024.jpg 1024w, https:\/\/tegarmobel.com\/tegardlf\/wp-content\/uploads\/2020\/12\/armario-office_01-300x300.jpg 300w, https:\/\/tegarmobel.com\/tegardlf\/wp-content\/uploads\/2020\/12\/armario-office_01-768x768.jpg 768w, https:\/\/tegarmobel.com\/tegardlf\/wp-content\/uploads\/2020\/12\/armario-office_01-1536x1536.jpg 1536w, https:\/\/tegarmobel.com\/tegardlf\/wp-content\/uploads\/2020\/12\/armario-office_01.jpg 1600w\" sizes=\"(max-width: 1024px) 100vw, 1024px\" \/><\/figure>\n","protected":false},"excerpt":{"rendered":"<p>Incorporamos a nuestro cat\u00e1logo un nuevo producto presentado en H\u00e1bitat\u201919. Aparentemente se trata de un simple armario de cuatro puertas plegables pero en su interior esconde una pr\u00e1ctica distribuci\u00f3n tipo Office con m\u00f3dulos bajos, altillos y un espacio de trabajo donde ubicar todo el equipamiento necesario para hacer m\u00e1s confortable esta zona com\u00fan y de [&hellip;]<\/p>\n","protected":false},"author":1,"featured_media":2078,"comment_status":"open","ping_status":"open","sticky":false,"template":"","format":"standard","meta":{"ocean_post_layout":"","ocean_both_sidebars_style":"","ocean_both_sidebars_content_width":0,"ocean_both_sidebars_sidebars_width":0,"ocean_sidebar":"0","ocean_second_sidebar":"0","ocean_disable_margins":"enable","ocean_add_body_class":"","ocean_shortcode_before_top_bar":"","ocean_shortcode_after_top_bar":"","ocean_shortcode_before_header":"","ocean_shortcode_after_header":"","ocean_has_shortcode":"","ocean_shortcode_after_title":"","ocean_shortcode_before_footer_widgets":"","ocean_shortcode_after_footer_widgets":"","ocean_shortcode_before_footer_bottom":"","ocean_shortcode_after_footer_bottom":"","ocean_display_top_bar":"default","ocean_display_header":"default","ocean_header_style":"","ocean_center_header_left_menu":"0","ocean_custom_header_template":"0","ocean_custom_logo":0,"ocean_custom_retina_logo":0,"ocean_custom_logo_max_width":0,"ocean_custom_logo_tablet_max_width":0,"ocean_custom_logo_mobile_max_width":0,"ocean_custom_logo_max_height":0,"ocean_custom_logo_tablet_max_height":0,"ocean_custom_logo_mobile_max_height":0,"ocean_header_custom_menu":"0","ocean_menu_typo_font_family":"0","ocean_menu_typo_font_subset":"","ocean_menu_typo_font_size":0,"ocean_menu_typo_font_size_tablet":0,"ocean_menu_typo_font_size_mobile":0,"ocean_menu_typo_font_size_unit":"px","ocean_menu_typo_font_weight":"","ocean_menu_typo_font_weight_tablet":"","ocean_menu_typo_font_weight_mobile":"","ocean_menu_typo_transform":"","ocean_menu_typo_transform_tablet":"","ocean_menu_typo_transform_mobile":"","ocean_menu_typo_line_height":0,"ocean_menu_typo_line_height_tablet":0,"ocean_menu_typo_line_height_mobile":0,"ocean_menu_typo_line_height_unit":"","ocean_menu_typo_spacing":0,"ocean_menu_typo_spacing_tablet":0,"ocean_menu_typo_spacing_mobile":0,"ocean_menu_typo_spacing_unit":"","ocean_menu_link_color":"","ocean_menu_link_color_hover":"","ocean_menu_link_color_active":"","ocean_menu_link_background":"","ocean_menu_link_hover_background":"","ocean_menu_link_active_background":"","ocean_menu_social_links_bg":"","ocean_menu_social_hover_links_bg":"","ocean_menu_social_links_color":"","ocean_menu_social_hover_links_color":"","ocean_disable_title":"default","ocean_disable_heading":"default","ocean_post_title":"","ocean_post_subheading":"","ocean_post_title_style":"","ocean_post_title_background_color":"","ocean_post_title_background":0,"ocean_post_title_bg_image_position":"","ocean_post_title_bg_image_attachment":"","ocean_post_title_bg_image_repeat":"","ocean_post_title_bg_image_size":"","ocean_post_title_height":0,"ocean_post_title_bg_overlay":0.5,"ocean_post_title_bg_overlay_color":"","ocean_disable_breadcrumbs":"default","ocean_breadcrumbs_color":"","ocean_breadcrumbs_separator_color":"","ocean_breadcrumbs_links_color":"","ocean_breadcrumbs_links_hover_color":"","ocean_display_footer_widgets":"default","ocean_display_footer_bottom":"default","ocean_custom_footer_template":"0","ocean_post_oembed":"","ocean_post_self_hosted_media":"","ocean_post_video_embed":"","ocean_link_format":"","ocean_link_format_target":"self","ocean_quote_format":"","ocean_quote_format_link":"post","ocean_gallery_link_images":"off","ocean_gallery_id":[],"footnotes":""},"categories":[45,44,25],"tags":[],"class_list":["post-2076","post","type-post","status-publish","format-standard","has-post-thumbnail","hentry","category-armarios","category-ferias","category-productos","entry","has-media"],"yoast_head":"<!-- This site is optimized with the Yoast SEO plugin v27.4 - https:\/\/yoast.com\/product\/yoast-seo-wordpress\/ -->\n<title>NOVEDADES TEGAR: Armario office - Tegar Daily Life Furniture<\/title>\n<meta name=\"robots\" content=\"index, follow, max-snippet:-1, max-image-preview:large, max-video-preview:-1\" \/>\n<link rel=\"canonical\" href=\"https:\/\/tegarmobel.com\/tegardlf\/novedades-tegar-armario-office\/\" \/>\n<meta property=\"og:locale\" content=\"es_ES\" \/>\n<meta property=\"og:type\" content=\"article\" \/>\n<meta property=\"og:title\" content=\"NOVEDADES TEGAR: Armario office - Tegar Daily Life Furniture\" \/>\n<meta property=\"og:description\" content=\"Incorporamos a nuestro cat\u00e1logo un nuevo producto presentado en H\u00e1bitat\u201919. Aparentemente se trata de un simple armario de cuatro puertas plegables pero en su interior esconde una pr\u00e1ctica distribuci\u00f3n tipo Office con m\u00f3dulos bajos, altillos y un espacio de trabajo donde ubicar todo el equipamiento necesario para hacer m\u00e1s confortable esta zona com\u00fan y de [&hellip;]\" \/>\n<meta property=\"og:url\" content=\"https:\/\/tegarmobel.com\/tegardlf\/novedades-tegar-armario-office\/\" \/>\n<meta property=\"og:site_name\" content=\"Tegar Daily Life Furniture\" \/>\n<meta property=\"article:published_time\" content=\"2019-10-17T12:37:00+00:00\" \/>\n<meta property=\"article:modified_time\" content=\"2021-09-27T07:00:25+00:00\" \/>\n<meta property=\"og:image\" content=\"https:\/\/tegarmobel.com\/tegardlf\/wp-content\/uploads\/2020\/12\/armario-office_02.jpg\" \/>\n\t<meta property=\"og:image:width\" content=\"1200\" \/>\n\t<meta property=\"og:image:height\" content=\"1800\" \/>\n\t<meta property=\"og:image:type\" content=\"image\/jpeg\" \/>\n<meta name=\"author\" content=\"alfred-tegarmobel\" \/>\n<meta name=\"twitter:card\" content=\"summary_large_image\" \/>\n<meta name=\"twitter:label1\" content=\"Escrito por\" \/>\n\t<meta name=\"twitter:data1\" content=\"alfred-tegarmobel\" \/>\n<script type=\"application\/ld+json\" class=\"yoast-schema-graph\">{\"@context\":\"https:\\\/\\\/schema.org\",\"@graph\":[{\"@type\":\"Article\",\"@id\":\"https:\\\/\\\/tegarmobel.com\\\/tegardlf\\\/novedades-tegar-armario-office\\\/#article\",\"isPartOf\":{\"@id\":\"https:\\\/\\\/tegarmobel.com\\\/tegardlf\\\/novedades-tegar-armario-office\\\/\"},\"author\":{\"name\":\"alfred-tegarmobel\",\"@id\":\"https:\\\/\\\/tegarmobel.com\\\/tegardlf\\\/#\\\/schema\\\/person\\\/256b9a6e00877f1d7e9add8453e82213\"},\"headline\":\"NOVEDADES TEGAR: Armario office\",\"datePublished\":\"2019-10-17T12:37:00+00:00\",\"dateModified\":\"2021-09-27T07:00:25+00:00\",\"mainEntityOfPage\":{\"@id\":\"https:\\\/\\\/tegarmobel.com\\\/tegardlf\\\/novedades-tegar-armario-office\\\/\"},\"wordCount\":69,\"commentCount\":0,\"publisher\":{\"@id\":\"https:\\\/\\\/tegarmobel.com\\\/tegardlf\\\/#organization\"},\"image\":{\"@id\":\"https:\\\/\\\/tegarmobel.com\\\/tegardlf\\\/novedades-tegar-armario-office\\\/#primaryimage\"},\"thumbnailUrl\":\"https:\\\/\\\/tegarmobel.com\\\/tegardlf\\\/wp-content\\\/uploads\\\/2020\\\/12\\\/armario-office_02.jpg\",\"articleSection\":[\"Armarios\",\"Ferias\",\"productos\"],\"inLanguage\":\"es\",\"potentialAction\":[{\"@type\":\"CommentAction\",\"name\":\"Comment\",\"target\":[\"https:\\\/\\\/tegarmobel.com\\\/tegardlf\\\/novedades-tegar-armario-office\\\/#respond\"]}]},{\"@type\":\"WebPage\",\"@id\":\"https:\\\/\\\/tegarmobel.com\\\/tegardlf\\\/novedades-tegar-armario-office\\\/\",\"url\":\"https:\\\/\\\/tegarmobel.com\\\/tegardlf\\\/novedades-tegar-armario-office\\\/\",\"name\":\"NOVEDADES TEGAR: Armario office - Tegar Daily Life Furniture\",\"isPartOf\":{\"@id\":\"https:\\\/\\\/tegarmobel.com\\\/tegardlf\\\/#website\"},\"primaryImageOfPage\":{\"@id\":\"https:\\\/\\\/tegarmobel.com\\\/tegardlf\\\/novedades-tegar-armario-office\\\/#primaryimage\"},\"image\":{\"@id\":\"https:\\\/\\\/tegarmobel.com\\\/tegardlf\\\/novedades-tegar-armario-office\\\/#primaryimage\"},\"thumbnailUrl\":\"https:\\\/\\\/tegarmobel.com\\\/tegardlf\\\/wp-content\\\/uploads\\\/2020\\\/12\\\/armario-office_02.jpg\",\"datePublished\":\"2019-10-17T12:37:00+00:00\",\"dateModified\":\"2021-09-27T07:00:25+00:00\",\"breadcrumb\":{\"@id\":\"https:\\\/\\\/tegarmobel.com\\\/tegardlf\\\/novedades-tegar-armario-office\\\/#breadcrumb\"},\"inLanguage\":\"es\",\"potentialAction\":[{\"@type\":\"ReadAction\",\"target\":[\"https:\\\/\\\/tegarmobel.com\\\/tegardlf\\\/novedades-tegar-armario-office\\\/\"]}]},{\"@type\":\"ImageObject\",\"inLanguage\":\"es\",\"@id\":\"https:\\\/\\\/tegarmobel.com\\\/tegardlf\\\/novedades-tegar-armario-office\\\/#primaryimage\",\"url\":\"https:\\\/\\\/tegarmobel.com\\\/tegardlf\\\/wp-content\\\/uploads\\\/2020\\\/12\\\/armario-office_02.jpg\",\"contentUrl\":\"https:\\\/\\\/tegarmobel.com\\\/tegardlf\\\/wp-content\\\/uploads\\\/2020\\\/12\\\/armario-office_02.jpg\",\"width\":1200,\"height\":1800},{\"@type\":\"BreadcrumbList\",\"@id\":\"https:\\\/\\\/tegarmobel.com\\\/tegardlf\\\/novedades-tegar-armario-office\\\/#breadcrumb\",\"itemListElement\":[{\"@type\":\"ListItem\",\"position\":1,\"name\":\"Portada\",\"item\":\"https:\\\/\\\/tegarmobel.com\\\/tegardlf\\\/\"},{\"@type\":\"ListItem\",\"position\":2,\"name\":\"NOVEDADES TEGAR: Armario office\"}]},{\"@type\":\"WebSite\",\"@id\":\"https:\\\/\\\/tegarmobel.com\\\/tegardlf\\\/#website\",\"url\":\"https:\\\/\\\/tegarmobel.com\\\/tegardlf\\\/\",\"name\":\"Tegar Daily Life Furniture\",\"description\":\"Tegar Daily Life Furniture\",\"publisher\":{\"@id\":\"https:\\\/\\\/tegarmobel.com\\\/tegardlf\\\/#organization\"},\"potentialAction\":[{\"@type\":\"SearchAction\",\"target\":{\"@type\":\"EntryPoint\",\"urlTemplate\":\"https:\\\/\\\/tegarmobel.com\\\/tegardlf\\\/?s={search_term_string}\"},\"query-input\":{\"@type\":\"PropertyValueSpecification\",\"valueRequired\":true,\"valueName\":\"search_term_string\"}}],\"inLanguage\":\"es\"},{\"@type\":\"Organization\",\"@id\":\"https:\\\/\\\/tegarmobel.com\\\/tegardlf\\\/#organization\",\"name\":\"Tegar Daily Life Furniture\",\"url\":\"https:\\\/\\\/tegarmobel.com\\\/tegardlf\\\/\",\"logo\":{\"@type\":\"ImageObject\",\"inLanguage\":\"es\",\"@id\":\"https:\\\/\\\/tegarmobel.com\\\/tegardlf\\\/#\\\/schema\\\/logo\\\/image\\\/\",\"url\":\"https:\\\/\\\/tegarmobel.com\\\/tegardlf\\\/wp-content\\\/uploads\\\/2021\\\/09\\\/Logo-tegar-web8.png\",\"contentUrl\":\"https:\\\/\\\/tegarmobel.com\\\/tegardlf\\\/wp-content\\\/uploads\\\/2021\\\/09\\\/Logo-tegar-web8.png\",\"width\":1000,\"height\":162,\"caption\":\"Tegar Daily Life Furniture\"},\"image\":{\"@id\":\"https:\\\/\\\/tegarmobel.com\\\/tegardlf\\\/#\\\/schema\\\/logo\\\/image\\\/\"}},{\"@type\":\"Person\",\"@id\":\"https:\\\/\\\/tegarmobel.com\\\/tegardlf\\\/#\\\/schema\\\/person\\\/256b9a6e00877f1d7e9add8453e82213\",\"name\":\"alfred-tegarmobel\",\"image\":{\"@type\":\"ImageObject\",\"inLanguage\":\"es\",\"@id\":\"https:\\\/\\\/secure.gravatar.com\\\/avatar\\\/d94bd29aca0abd7ca9987ddc5b354de5c23cb4bc3ff03ed0ea36ff13abc64655?s=96&d=mm&r=g\",\"url\":\"https:\\\/\\\/secure.gravatar.com\\\/avatar\\\/d94bd29aca0abd7ca9987ddc5b354de5c23cb4bc3ff03ed0ea36ff13abc64655?s=96&d=mm&r=g\",\"contentUrl\":\"https:\\\/\\\/secure.gravatar.com\\\/avatar\\\/d94bd29aca0abd7ca9987ddc5b354de5c23cb4bc3ff03ed0ea36ff13abc64655?s=96&d=mm&r=g\",\"caption\":\"alfred-tegarmobel\"},\"sameAs\":[\"http:\\\/\\\/tegarmobel.com\\\/tegardlf\"],\"url\":\"https:\\\/\\\/tegarmobel.com\\\/tegardlf\\\/author\\\/alfredtegar\\\/\"}]}<\/script>\n<!-- \/ Yoast SEO plugin. -->","yoast_head_json":{"title":"NOVEDADES TEGAR: Armario office - Tegar Daily Life Furniture","robots":{"index":"index","follow":"follow","max-snippet":"max-snippet:-1","max-image-preview":"max-image-preview:large","max-video-preview":"max-video-preview:-1"},"canonical":"https:\/\/tegarmobel.com\/tegardlf\/novedades-tegar-armario-office\/","og_locale":"es_ES","og_type":"article","og_title":"NOVEDADES TEGAR: Armario office - Tegar Daily Life Furniture","og_description":"Incorporamos a nuestro cat\u00e1logo un nuevo producto presentado en H\u00e1bitat\u201919. Aparentemente se trata de un simple armario de cuatro puertas plegables pero en su interior esconde una pr\u00e1ctica distribuci\u00f3n tipo Office con m\u00f3dulos bajos, altillos y un espacio de trabajo donde ubicar todo el equipamiento necesario para hacer m\u00e1s confortable esta zona com\u00fan y de [&hellip;]","og_url":"https:\/\/tegarmobel.com\/tegardlf\/novedades-tegar-armario-office\/","og_site_name":"Tegar Daily Life Furniture","article_published_time":"2019-10-17T12:37:00+00:00","article_modified_time":"2021-09-27T07:00:25+00:00","og_image":[{"width":1200,"height":1800,"url":"https:\/\/tegarmobel.com\/tegardlf\/wp-content\/uploads\/2020\/12\/armario-office_02.jpg","type":"image\/jpeg"}],"author":"alfred-tegarmobel","twitter_card":"summary_large_image","twitter_misc":{"Escrito por":"alfred-tegarmobel"},"schema":{"@context":"https:\/\/schema.org","@graph":[{"@type":"Article","@id":"https:\/\/tegarmobel.com\/tegardlf\/novedades-tegar-armario-office\/#article","isPartOf":{"@id":"https:\/\/tegarmobel.com\/tegardlf\/novedades-tegar-armario-office\/"},"author":{"name":"alfred-tegarmobel","@id":"https:\/\/tegarmobel.com\/tegardlf\/#\/schema\/person\/256b9a6e00877f1d7e9add8453e82213"},"headline":"NOVEDADES TEGAR: Armario office","datePublished":"2019-10-17T12:37:00+00:00","dateModified":"2021-09-27T07:00:25+00:00","mainEntityOfPage":{"@id":"https:\/\/tegarmobel.com\/tegardlf\/novedades-tegar-armario-office\/"},"wordCount":69,"commentCount":0,"publisher":{"@id":"https:\/\/tegarmobel.com\/tegardlf\/#organization"},"image":{"@id":"https:\/\/tegarmobel.com\/tegardlf\/novedades-tegar-armario-office\/#primaryimage"},"thumbnailUrl":"https:\/\/tegarmobel.com\/tegardlf\/wp-content\/uploads\/2020\/12\/armario-office_02.jpg","articleSection":["Armarios","Ferias","productos"],"inLanguage":"es","potentialAction":[{"@type":"CommentAction","name":"Comment","target":["https:\/\/tegarmobel.com\/tegardlf\/novedades-tegar-armario-office\/#respond"]}]},{"@type":"WebPage","@id":"https:\/\/tegarmobel.com\/tegardlf\/novedades-tegar-armario-office\/","url":"https:\/\/tegarmobel.com\/tegardlf\/novedades-tegar-armario-office\/","name":"NOVEDADES TEGAR: Armario office - Tegar Daily Life Furniture","isPartOf":{"@id":"https:\/\/tegarmobel.com\/tegardlf\/#website"},"primaryImageOfPage":{"@id":"https:\/\/tegarmobel.com\/tegardlf\/novedades-tegar-armario-office\/#primaryimage"},"image":{"@id":"https:\/\/tegarmobel.com\/tegardlf\/novedades-tegar-armario-office\/#primaryimage"},"thumbnailUrl":"https:\/\/tegarmobel.com\/tegardlf\/wp-content\/uploads\/2020\/12\/armario-office_02.jpg","datePublished":"2019-10-17T12:37:00+00:00","dateModified":"2021-09-27T07:00:25+00:00","breadcrumb":{"@id":"https:\/\/tegarmobel.com\/tegardlf\/novedades-tegar-armario-office\/#breadcrumb"},"inLanguage":"es","potentialAction":[{"@type":"ReadAction","target":["https:\/\/tegarmobel.com\/tegardlf\/novedades-tegar-armario-office\/"]}]},{"@type":"ImageObject","inLanguage":"es","@id":"https:\/\/tegarmobel.com\/tegardlf\/novedades-tegar-armario-office\/#primaryimage","url":"https:\/\/tegarmobel.com\/tegardlf\/wp-content\/uploads\/2020\/12\/armario-office_02.jpg","contentUrl":"https:\/\/tegarmobel.com\/tegardlf\/wp-content\/uploads\/2020\/12\/armario-office_02.jpg","width":1200,"height":1800},{"@type":"BreadcrumbList","@id":"https:\/\/tegarmobel.com\/tegardlf\/novedades-tegar-armario-office\/#breadcrumb","itemListElement":[{"@type":"ListItem","position":1,"name":"Portada","item":"https:\/\/tegarmobel.com\/tegardlf\/"},{"@type":"ListItem","position":2,"name":"NOVEDADES TEGAR: Armario office"}]},{"@type":"WebSite","@id":"https:\/\/tegarmobel.com\/tegardlf\/#website","url":"https:\/\/tegarmobel.com\/tegardlf\/","name":"Tegar Daily Life Furniture","description":"Tegar Daily Life Furniture","publisher":{"@id":"https:\/\/tegarmobel.com\/tegardlf\/#organization"},"potentialAction":[{"@type":"SearchAction","target":{"@type":"EntryPoint","urlTemplate":"https:\/\/tegarmobel.com\/tegardlf\/?s={search_term_string}"},"query-input":{"@type":"PropertyValueSpecification","valueRequired":true,"valueName":"search_term_string"}}],"inLanguage":"es"},{"@type":"Organization","@id":"https:\/\/tegarmobel.com\/tegardlf\/#organization","name":"Tegar Daily Life Furniture","url":"https:\/\/tegarmobel.com\/tegardlf\/","logo":{"@type":"ImageObject","inLanguage":"es","@id":"https:\/\/tegarmobel.com\/tegardlf\/#\/schema\/logo\/image\/","url":"https:\/\/tegarmobel.com\/tegardlf\/wp-content\/uploads\/2021\/09\/Logo-tegar-web8.png","contentUrl":"https:\/\/tegarmobel.com\/tegardlf\/wp-content\/uploads\/2021\/09\/Logo-tegar-web8.png","width":1000,"height":162,"caption":"Tegar Daily Life Furniture"},"image":{"@id":"https:\/\/tegarmobel.com\/tegardlf\/#\/schema\/logo\/image\/"}},{"@type":"Person","@id":"https:\/\/tegarmobel.com\/tegardlf\/#\/schema\/person\/256b9a6e00877f1d7e9add8453e82213","name":"alfred-tegarmobel","image":{"@type":"ImageObject","inLanguage":"es","@id":"https:\/\/secure.gravatar.com\/avatar\/d94bd29aca0abd7ca9987ddc5b354de5c23cb4bc3ff03ed0ea36ff13abc64655?s=96&d=mm&r=g","url":"https:\/\/secure.gravatar.com\/avatar\/d94bd29aca0abd7ca9987ddc5b354de5c23cb4bc3ff03ed0ea36ff13abc64655?s=96&d=mm&r=g","contentUrl":"https:\/\/secure.gravatar.com\/avatar\/d94bd29aca0abd7ca9987ddc5b354de5c23cb4bc3ff03ed0ea36ff13abc64655?s=96&d=mm&r=g","caption":"alfred-tegarmobel"},"sameAs":["http:\/\/tegarmobel.com\/tegardlf"],"url":"https:\/\/tegarmobel.com\/tegardlf\/author\/alfredtegar\/"}]}},"_links":{"self":[{"href":"https:\/\/tegarmobel.com\/tegardlf\/wp-json\/wp\/v2\/posts\/2076","targetHints":{"allow":["GET"]}}],"collection":[{"href":"https:\/\/tegarmobel.com\/tegardlf\/wp-json\/wp\/v2\/posts"}],"about":[{"href":"https:\/\/tegarmobel.com\/tegardlf\/wp-json\/wp\/v2\/types\/post"}],"author":[{"embeddable":true,"href":"https:\/\/tegarmobel.com\/tegardlf\/wp-json\/wp\/v2\/users\/1"}],"replies":[{"embeddable":true,"href":"https:\/\/tegarmobel.com\/tegardlf\/wp-json\/wp\/v2\/comments?post=2076"}],"version-history":[{"count":2,"href":"https:\/\/tegarmobel.com\/tegardlf\/wp-json\/wp\/v2\/posts\/2076\/revisions"}],"predecessor-version":[{"id":3846,"href":"https:\/\/tegarmobel.com\/tegardlf\/wp-json\/wp\/v2\/posts\/2076\/revisions\/3846"}],"wp:featuredmedia":[{"embeddable":true,"href":"https:\/\/tegarmobel.com\/tegardlf\/wp-json\/wp\/v2\/media\/2078"}],"wp:attachment":[{"href":"https:\/\/tegarmobel.com\/tegardlf\/wp-json\/wp\/v2\/media?parent=2076"}],"wp:term":[{"taxonomy":"category","embeddable":true,"href":"https:\/\/tegarmobel.com\/tegardlf\/wp-json\/wp\/v2\/categories?post=2076"},{"taxonomy":"post_tag","embeddable":true,"href":"https:\/\/tegarmobel.com\/tegardlf\/wp-json\/wp\/v2\/tags?post=2076"}],"curies":[{"name":"wp","href":"https:\/\/api.w.org\/{rel}","templated":true}]}}