{"id":2215,"date":"2018-11-29T11:03:00","date_gmt":"2018-11-29T11:03:00","guid":{"rendered":"http:\/\/tegarmobel.com\/tegardlf\/?p=2215"},"modified":"2021-01-07T07:18:45","modified_gmt":"2021-01-07T07:18:45","slug":"un-bosque-encantador-para-futuros-papas","status":"publish","type":"post","link":"https:\/\/tegarmobel.com\/tegardlf\/un-bosque-encantador-para-futuros-papas\/","title":{"rendered":"Un bosque \u00abencantador\u00bb para futuros pap\u00e1s"},"content":{"rendered":"\t\t<div data-elementor-type=\"wp-post\" data-elementor-id=\"2215\" class=\"elementor elementor-2215\">\n\t\t\t\t\t\t<section class=\"elementor-section elementor-top-section elementor-element elementor-element-5472a62 elementor-section-boxed elementor-section-height-default elementor-section-height-default\" data-id=\"5472a62\" data-element_type=\"section\" data-e-type=\"section\">\n\t\t\t\t\t\t<div class=\"elementor-container elementor-column-gap-default\">\n\t\t\t\t\t<div class=\"elementor-column elementor-col-100 elementor-top-column elementor-element elementor-element-ada249a\" data-id=\"ada249a\" data-element_type=\"column\" data-e-type=\"column\">\n\t\t\t<div class=\"elementor-widget-wrap elementor-element-populated\">\n\t\t\t\t\t\t<div class=\"elementor-element elementor-element-fd2c2c0 elementor-widget elementor-widget-image\" data-id=\"fd2c2c0\" data-element_type=\"widget\" data-e-type=\"widget\" data-widget_type=\"image.default\">\n\t\t\t\t<div class=\"elementor-widget-container\">\n\t\t\t\t\t\t\t\t\t\t\t\t\t\t\t<img fetchpriority=\"high\" decoding=\"async\" width=\"1024\" height=\"366\" src=\"https:\/\/tegarmobel.com\/tegardlf\/wp-content\/uploads\/2020\/12\/000pqnq-1024x366.jpg\" class=\"attachment-large size-large wp-image-2221\" alt=\"\" srcset=\"https:\/\/tegarmobel.com\/tegardlf\/wp-content\/uploads\/2020\/12\/000pqnq-1024x366.jpg 1024w, https:\/\/tegarmobel.com\/tegardlf\/wp-content\/uploads\/2020\/12\/000pqnq-400x143.jpg 400w, https:\/\/tegarmobel.com\/tegardlf\/wp-content\/uploads\/2020\/12\/000pqnq-768x274.jpg 768w, https:\/\/tegarmobel.com\/tegardlf\/wp-content\/uploads\/2020\/12\/000pqnq.jpg 1500w\" sizes=\"(max-width: 1024px) 100vw, 1024px\" \/>\t\t\t\t\t\t\t\t\t\t\t\t\t\t\t<\/div>\n\t\t\t\t<\/div>\n\t\t\t\t\t<\/div>\n\t\t<\/div>\n\t\t\t\t\t<\/div>\n\t\t<\/section>\n\t\t\t\t<section class=\"elementor-section elementor-top-section elementor-element elementor-element-7bb40c02 elementor-section-boxed elementor-section-height-default elementor-section-height-default\" data-id=\"7bb40c02\" data-element_type=\"section\" data-e-type=\"section\">\n\t\t\t\t\t\t<div class=\"elementor-container elementor-column-gap-default\">\n\t\t\t\t\t<div class=\"elementor-column elementor-col-100 elementor-top-column elementor-element elementor-element-2462f7fc\" data-id=\"2462f7fc\" data-element_type=\"column\" data-e-type=\"column\">\n\t\t\t<div class=\"elementor-widget-wrap elementor-element-populated\">\n\t\t\t\t\t\t<div class=\"elementor-element elementor-element-ea280ba elementor-widget elementor-widget-text-editor\" data-id=\"ea280ba\" data-element_type=\"widget\" data-e-type=\"widget\" data-widget_type=\"text-editor.default\">\n\t\t\t\t<div class=\"elementor-widget-container\">\n\t\t\t\t\t\t\t\t\t\n<p>Qu\u00e9 ilusi\u00f3n!! Nos han llegado im\u00e1genes del mundo de fantas\u00eda que han creado en la tienda\u00a0<strong>Pequeneques<\/strong>\u00a0de Rivas-Vaciamadrid.<\/p>\n\t\t\t\t\t\t\t\t<\/div>\n\t\t\t\t<\/div>\n\t\t\t\t\t<\/div>\n\t\t<\/div>\n\t\t\t\t\t<\/div>\n\t\t<\/section>\n\t\t\t\t<section class=\"elementor-section elementor-top-section elementor-element elementor-element-9c223c4 elementor-section-boxed elementor-section-height-default elementor-section-height-default\" data-id=\"9c223c4\" data-element_type=\"section\" data-e-type=\"section\">\n\t\t\t\t\t\t<div class=\"elementor-container elementor-column-gap-default\">\n\t\t\t\t\t<div class=\"elementor-column elementor-col-50 elementor-top-column elementor-element elementor-element-4a5376c\" data-id=\"4a5376c\" data-element_type=\"column\" data-e-type=\"column\">\n\t\t\t<div class=\"elementor-widget-wrap elementor-element-populated\">\n\t\t\t\t\t\t<div class=\"elementor-element elementor-element-3c34ac9 elementor-widget elementor-widget-image\" data-id=\"3c34ac9\" data-element_type=\"widget\" data-e-type=\"widget\" data-widget_type=\"image.default\">\n\t\t\t\t<div class=\"elementor-widget-container\">\n\t\t\t\t\t\t\t\t\t\t\t\t\t\t\t<img decoding=\"async\" width=\"608\" height=\"1024\" src=\"https:\/\/tegarmobel.com\/tegardlf\/wp-content\/uploads\/2020\/12\/02pqnq-608x1024.jpg\" class=\"attachment-large size-large wp-image-2216\" alt=\"\" srcset=\"https:\/\/tegarmobel.com\/tegardlf\/wp-content\/uploads\/2020\/12\/02pqnq-608x1024.jpg 608w, https:\/\/tegarmobel.com\/tegardlf\/wp-content\/uploads\/2020\/12\/02pqnq-178x300.jpg 178w, https:\/\/tegarmobel.com\/tegardlf\/wp-content\/uploads\/2020\/12\/02pqnq-768x1293.jpg 768w, https:\/\/tegarmobel.com\/tegardlf\/wp-content\/uploads\/2020\/12\/02pqnq.jpg 891w\" sizes=\"(max-width: 608px) 100vw, 608px\" \/>\t\t\t\t\t\t\t\t\t\t\t\t\t\t\t<\/div>\n\t\t\t\t<\/div>\n\t\t\t\t\t<\/div>\n\t\t<\/div>\n\t\t\t\t<div class=\"elementor-column elementor-col-50 elementor-top-column elementor-element elementor-element-39eaf1d\" data-id=\"39eaf1d\" data-element_type=\"column\" data-e-type=\"column\">\n\t\t\t<div class=\"elementor-widget-wrap elementor-element-populated\">\n\t\t\t\t\t\t<div class=\"elementor-element elementor-element-e27fc98 elementor-widget elementor-widget-image\" data-id=\"e27fc98\" data-element_type=\"widget\" data-e-type=\"widget\" data-widget_type=\"image.default\">\n\t\t\t\t<div class=\"elementor-widget-container\">\n\t\t\t\t\t\t\t\t\t\t\t\t\t\t\t<img decoding=\"async\" width=\"768\" height=\"1024\" src=\"https:\/\/tegarmobel.com\/tegardlf\/wp-content\/uploads\/2020\/12\/04pqnq-768x1024.jpg\" class=\"attachment-large size-large wp-image-2217\" alt=\"\" srcset=\"https:\/\/tegarmobel.com\/tegardlf\/wp-content\/uploads\/2020\/12\/04pqnq-768x1024.jpg 768w, https:\/\/tegarmobel.com\/tegardlf\/wp-content\/uploads\/2020\/12\/04pqnq-225x300.jpg 225w, https:\/\/tegarmobel.com\/tegardlf\/wp-content\/uploads\/2020\/12\/04pqnq.jpg 1125w\" sizes=\"(max-width: 768px) 100vw, 768px\" \/>\t\t\t\t\t\t\t\t\t\t\t\t\t\t\t<\/div>\n\t\t\t\t<\/div>\n\t\t\t\t\t<\/div>\n\t\t<\/div>\n\t\t\t\t\t<\/div>\n\t\t<\/section>\n\t\t\t\t<section class=\"elementor-section elementor-top-section elementor-element elementor-element-ea0aa4d elementor-section-boxed elementor-section-height-default elementor-section-height-default\" data-id=\"ea0aa4d\" data-element_type=\"section\" data-e-type=\"section\">\n\t\t\t\t\t\t<div class=\"elementor-container elementor-column-gap-default\">\n\t\t\t\t\t<div class=\"elementor-column elementor-col-100 elementor-top-column elementor-element elementor-element-c126538\" data-id=\"c126538\" data-element_type=\"column\" data-e-type=\"column\">\n\t\t\t<div class=\"elementor-widget-wrap elementor-element-populated\">\n\t\t\t\t\t\t<div class=\"elementor-element elementor-element-adb6d1e elementor-widget elementor-widget-text-editor\" data-id=\"adb6d1e\" data-element_type=\"widget\" data-e-type=\"widget\" data-widget_type=\"text-editor.default\">\n\t\t\t\t<div class=\"elementor-widget-container\">\n\t\t\t\t\t\t\t\t\t<p>Mobiliario de\u00a0<strong>tegar<\/strong>\u00a0junto con una gran dosis de imaginaci\u00f3n y creatividad, han dado como resultado este buc\u00f3lico espacio que nos adentra en un universo de ensue\u00f1o donde poder escoger con ilusi\u00f3n los complementos que arropar\u00e1n a nuestro beb\u00e9.<\/p>\t\t\t\t\t\t\t\t<\/div>\n\t\t\t\t<\/div>\n\t\t\t\t\t<\/div>\n\t\t<\/div>\n\t\t\t\t\t<\/div>\n\t\t<\/section>\n\t\t\t\t<section class=\"elementor-section elementor-top-section elementor-element elementor-element-0e86e71 elementor-section-boxed elementor-section-height-default elementor-section-height-default\" data-id=\"0e86e71\" data-element_type=\"section\" data-e-type=\"section\">\n\t\t\t\t\t\t<div class=\"elementor-container elementor-column-gap-default\">\n\t\t\t\t\t<div class=\"elementor-column elementor-col-100 elementor-top-column elementor-element elementor-element-719541d\" data-id=\"719541d\" data-element_type=\"column\" data-e-type=\"column\">\n\t\t\t<div class=\"elementor-widget-wrap elementor-element-populated\">\n\t\t\t\t\t\t<div class=\"elementor-element elementor-element-06e29cf elementor-widget elementor-widget-image\" data-id=\"06e29cf\" data-element_type=\"widget\" data-e-type=\"widget\" data-widget_type=\"image.default\">\n\t\t\t\t<div class=\"elementor-widget-container\">\n\t\t\t\t\t\t\t\t\t\t\t\t\t\t\t<img loading=\"lazy\" decoding=\"async\" width=\"1024\" height=\"768\" src=\"https:\/\/tegarmobel.com\/tegardlf\/wp-content\/uploads\/2020\/12\/05pqnq-1024x768.jpg\" class=\"attachment-large size-large wp-image-2218\" alt=\"\" srcset=\"https:\/\/tegarmobel.com\/tegardlf\/wp-content\/uploads\/2020\/12\/05pqnq-1024x768.jpg 1024w, https:\/\/tegarmobel.com\/tegardlf\/wp-content\/uploads\/2020\/12\/05pqnq-400x300.jpg 400w, https:\/\/tegarmobel.com\/tegardlf\/wp-content\/uploads\/2020\/12\/05pqnq-768x576.jpg 768w, https:\/\/tegarmobel.com\/tegardlf\/wp-content\/uploads\/2020\/12\/05pqnq-1536x1152.jpg 1536w, https:\/\/tegarmobel.com\/tegardlf\/wp-content\/uploads\/2020\/12\/05pqnq.jpg 2000w\" sizes=\"(max-width: 1024px) 100vw, 1024px\" \/>\t\t\t\t\t\t\t\t\t\t\t\t\t\t\t<\/div>\n\t\t\t\t<\/div>\n\t\t\t\t<div class=\"elementor-element elementor-element-1ca1579 elementor-widget elementor-widget-image\" data-id=\"1ca1579\" data-element_type=\"widget\" data-e-type=\"widget\" data-widget_type=\"image.default\">\n\t\t\t\t<div class=\"elementor-widget-container\">\n\t\t\t\t\t\t\t\t\t\t\t\t\t\t\t<img loading=\"lazy\" decoding=\"async\" width=\"1024\" height=\"768\" src=\"https:\/\/tegarmobel.com\/tegardlf\/wp-content\/uploads\/2020\/12\/03pqnq-1024x768.jpg\" class=\"attachment-large size-large wp-image-2219\" alt=\"\" srcset=\"https:\/\/tegarmobel.com\/tegardlf\/wp-content\/uploads\/2020\/12\/03pqnq-1024x768.jpg 1024w, https:\/\/tegarmobel.com\/tegardlf\/wp-content\/uploads\/2020\/12\/03pqnq-400x300.jpg 400w, https:\/\/tegarmobel.com\/tegardlf\/wp-content\/uploads\/2020\/12\/03pqnq-768x576.jpg 768w, https:\/\/tegarmobel.com\/tegardlf\/wp-content\/uploads\/2020\/12\/03pqnq-1536x1152.jpg 1536w, https:\/\/tegarmobel.com\/tegardlf\/wp-content\/uploads\/2020\/12\/03pqnq.jpg 2000w\" sizes=\"(max-width: 1024px) 100vw, 1024px\" \/>\t\t\t\t\t\t\t\t\t\t\t\t\t\t\t<\/div>\n\t\t\t\t<\/div>\n\t\t\t\t\t<\/div>\n\t\t<\/div>\n\t\t\t\t\t<\/div>\n\t\t<\/section>\n\t\t\t\t<section class=\"elementor-section elementor-top-section elementor-element elementor-element-49be61a elementor-section-boxed elementor-section-height-default elementor-section-height-default\" data-id=\"49be61a\" data-element_type=\"section\" data-e-type=\"section\">\n\t\t\t\t\t\t<div class=\"elementor-container elementor-column-gap-default\">\n\t\t\t\t\t<div class=\"elementor-column elementor-col-100 elementor-top-column elementor-element elementor-element-47fd831\" data-id=\"47fd831\" data-element_type=\"column\" data-e-type=\"column\">\n\t\t\t<div class=\"elementor-widget-wrap elementor-element-populated\">\n\t\t\t\t\t\t<div class=\"elementor-element elementor-element-11cebe3 elementor-widget elementor-widget-text-editor\" data-id=\"11cebe3\" data-element_type=\"widget\" data-e-type=\"widget\" data-widget_type=\"text-editor.default\">\n\t\t\t\t<div class=\"elementor-widget-container\">\n\t\t\t\t\t\t\t\t\t<p>Una l\u00e1mpara\u00a0<i>colgando<\/i>\u00a0del jard\u00edn (s\u00ed,s\u00ed, lo hab\u00e9is le\u00eddo bien) ilumina un pr\u00e1ctico mostrador central rodeado por estanter\u00edas, m\u00f3dulos bajos con puertas para almacenaje y paneles con luz, todo ello combinado con los acabados Roble Crack y Carb\u00f3n. Este ha sido el aporte de nuestra empresa a este fant\u00e1stico bosque; todo lo dem\u00e1s es cosa de las hadas y los duendecillos de\u00a0<b>Pequeneques<\/b>, una tienda que no te dejar\u00e1 indiferente, con una impecable atenci\u00f3n al cliente y la mejor selecci\u00f3n de producto dedicado al bienestar y seguridad del beb\u00e9.<i>\u00a0P\u00e1sate a visitarlos!!\u00a0<\/i>Les apasiona su trabajo y te asesorar\u00e1n en todo lo que necesites saber.<\/p>\t\t\t\t\t\t\t\t<\/div>\n\t\t\t\t<\/div>\n\t\t\t\t\t<\/div>\n\t\t<\/div>\n\t\t\t\t\t<\/div>\n\t\t<\/section>\n\t\t\t\t<section class=\"elementor-section elementor-top-section elementor-element elementor-element-ace8bcc elementor-section-boxed elementor-section-height-default elementor-section-height-default\" data-id=\"ace8bcc\" data-element_type=\"section\" data-e-type=\"section\">\n\t\t\t\t\t\t<div class=\"elementor-container elementor-column-gap-default\">\n\t\t\t\t\t<div class=\"elementor-column elementor-col-100 elementor-top-column elementor-element elementor-element-feee81d\" data-id=\"feee81d\" data-element_type=\"column\" data-e-type=\"column\">\n\t\t\t<div class=\"elementor-widget-wrap elementor-element-populated\">\n\t\t\t\t\t\t<div class=\"elementor-element elementor-element-a986e5f elementor-widget elementor-widget-image\" data-id=\"a986e5f\" data-element_type=\"widget\" data-e-type=\"widget\" data-widget_type=\"image.default\">\n\t\t\t\t<div class=\"elementor-widget-container\">\n\t\t\t\t\t\t\t\t\t\t\t\t\t\t\t<img loading=\"lazy\" decoding=\"async\" width=\"768\" height=\"1024\" src=\"https:\/\/tegarmobel.com\/tegardlf\/wp-content\/uploads\/2020\/12\/01pqnq-768x1024.jpg\" class=\"attachment-large size-large wp-image-2220\" alt=\"\" srcset=\"https:\/\/tegarmobel.com\/tegardlf\/wp-content\/uploads\/2020\/12\/01pqnq-768x1024.jpg 768w, https:\/\/tegarmobel.com\/tegardlf\/wp-content\/uploads\/2020\/12\/01pqnq-225x300.jpg 225w, https:\/\/tegarmobel.com\/tegardlf\/wp-content\/uploads\/2020\/12\/01pqnq.jpg 1125w\" sizes=\"(max-width: 768px) 100vw, 768px\" \/>\t\t\t\t\t\t\t\t\t\t\t\t\t\t\t<\/div>\n\t\t\t\t<\/div>\n\t\t\t\t\t<\/div>\n\t\t<\/div>\n\t\t\t\t\t<\/div>\n\t\t<\/section>\n\t\t\t\t<section class=\"elementor-section elementor-top-section elementor-element elementor-element-e5420cb elementor-section-boxed elementor-section-height-default elementor-section-height-default\" data-id=\"e5420cb\" data-element_type=\"section\" data-e-type=\"section\">\n\t\t\t\t\t\t<div class=\"elementor-container elementor-column-gap-default\">\n\t\t\t\t\t<div class=\"elementor-column elementor-col-100 elementor-top-column elementor-element elementor-element-1a41713\" data-id=\"1a41713\" data-element_type=\"column\" data-e-type=\"column\">\n\t\t\t<div class=\"elementor-widget-wrap elementor-element-populated\">\n\t\t\t\t\t\t<div class=\"elementor-element elementor-element-a6bdb2b elementor-widget elementor-widget-text-editor\" data-id=\"a6bdb2b\" data-element_type=\"widget\" data-e-type=\"widget\" data-widget_type=\"text-editor.default\">\n\t\t\t\t<div class=\"elementor-widget-container\">\n\t\t\t\t\t\t\t\t\t<p>Muchas gracias, Pequeneques, por confiar en\u00a0<strong>tegar.<\/strong><\/p>\n<p>Pod\u00e9is ver este\u00a0<strong>tegarproject<\/strong>\u00a0tambi\u00e9n en video.\u00a0<em>Disfrutadlo!!<\/em><\/p>\t\t\t\t\t\t\t\t<\/div>\n\t\t\t\t<\/div>\n\t\t\t\t\t<\/div>\n\t\t<\/div>\n\t\t\t\t\t<\/div>\n\t\t<\/section>\n\t\t\t\t<section class=\"elementor-section elementor-top-section elementor-element elementor-element-d0ea02d elementor-section-boxed elementor-section-height-default elementor-section-height-default\" data-id=\"d0ea02d\" data-element_type=\"section\" data-e-type=\"section\">\n\t\t\t\t\t\t<div class=\"elementor-container elementor-column-gap-default\">\n\t\t\t\t\t<div class=\"elementor-column elementor-col-100 elementor-top-column elementor-element elementor-element-a8e9f9b\" data-id=\"a8e9f9b\" data-element_type=\"column\" data-e-type=\"column\">\n\t\t\t<div class=\"elementor-widget-wrap elementor-element-populated\">\n\t\t\t\t\t\t<div class=\"elementor-element elementor-element-7159461 elementor-widget elementor-widget-video\" data-id=\"7159461\" data-element_type=\"widget\" data-e-type=\"widget\" data-settings=\"{&quot;video_type&quot;:&quot;vimeo&quot;}\" data-widget_type=\"video.default\">\n\t\t\t\t<div class=\"elementor-widget-container\">\n\t\t\t\t\t\t\t<div class=\"elementor-wrapper elementor-open-inline\">\n\t\t\t<iframe class=\"elementor-video-iframe\" allowfullscreen allow=\"clipboard-write\" title=\"Reproductor de v\u00eddeo vimeo\" src=\"https:\/\/player.vimeo.com\/video\/303680045?color&amp;autopause=0&amp;loop=0&amp;muted=0&amp;title=1&amp;portrait=1&amp;byline=1#t=\"><\/iframe>\t\t<\/div>\n\t\t\t\t\t\t<\/div>\n\t\t\t\t<\/div>\n\t\t\t\t\t<\/div>\n\t\t<\/div>\n\t\t\t\t\t<\/div>\n\t\t<\/section>\n\t\t\t\t<\/div>\n\t\t","protected":false},"excerpt":{"rendered":"<p>Qu\u00e9 ilusi\u00f3n!! Nos han llegado im\u00e1genes del mundo de fantas\u00eda que han creado en la tienda&nbsp;Pequeneques&nbsp;de Rivas-Vaciamadrid. Mobiliario de&nbsp;tegar&nbsp;junto con una gran dosis de imaginaci\u00f3n y creatividad, han dado como resultado este buc\u00f3lico espacio que nos adentra en un universo de ensue\u00f1o donde poder escoger con ilusi\u00f3n los complementos que arropar\u00e1n a nuestro beb\u00e9. Una [&hellip;]<\/p>\n","protected":false},"author":1,"featured_media":2217,"comment_status":"open","ping_status":"open","sticky":false,"template":"","format":"standard","meta":{"ocean_post_layout":"","ocean_both_sidebars_style":"","ocean_both_sidebars_content_width":0,"ocean_both_sidebars_sidebars_width":0,"ocean_sidebar":"0","ocean_second_sidebar":"0","ocean_disable_margins":"enable","ocean_add_body_class":"","ocean_shortcode_before_top_bar":"","ocean_shortcode_after_top_bar":"","ocean_shortcode_before_header":"","ocean_shortcode_after_header":"","ocean_has_shortcode":"","ocean_shortcode_after_title":"","ocean_shortcode_before_footer_widgets":"","ocean_shortcode_after_footer_widgets":"","ocean_shortcode_before_footer_bottom":"","ocean_shortcode_after_footer_bottom":"","ocean_display_top_bar":"default","ocean_display_header":"default","ocean_header_style":"","ocean_center_header_left_menu":"0","ocean_custom_header_template":"0","ocean_custom_logo":0,"ocean_custom_retina_logo":0,"ocean_custom_logo_max_width":0,"ocean_custom_logo_tablet_max_width":0,"ocean_custom_logo_mobile_max_width":0,"ocean_custom_logo_max_height":0,"ocean_custom_logo_tablet_max_height":0,"ocean_custom_logo_mobile_max_height":0,"ocean_header_custom_menu":"0","ocean_menu_typo_font_family":"0","ocean_menu_typo_font_subset":"","ocean_menu_typo_font_size":0,"ocean_menu_typo_font_size_tablet":0,"ocean_menu_typo_font_size_mobile":0,"ocean_menu_typo_font_size_unit":"px","ocean_menu_typo_font_weight":"","ocean_menu_typo_font_weight_tablet":"","ocean_menu_typo_font_weight_mobile":"","ocean_menu_typo_transform":"","ocean_menu_typo_transform_tablet":"","ocean_menu_typo_transform_mobile":"","ocean_menu_typo_line_height":0,"ocean_menu_typo_line_height_tablet":0,"ocean_menu_typo_line_height_mobile":0,"ocean_menu_typo_line_height_unit":"","ocean_menu_typo_spacing":0,"ocean_menu_typo_spacing_tablet":0,"ocean_menu_typo_spacing_mobile":0,"ocean_menu_typo_spacing_unit":"","ocean_menu_link_color":"","ocean_menu_link_color_hover":"","ocean_menu_link_color_active":"","ocean_menu_link_background":"","ocean_menu_link_hover_background":"","ocean_menu_link_active_background":"","ocean_menu_social_links_bg":"","ocean_menu_social_hover_links_bg":"","ocean_menu_social_links_color":"","ocean_menu_social_hover_links_color":"","ocean_disable_title":"default","ocean_disable_heading":"default","ocean_post_title":"","ocean_post_subheading":"","ocean_post_title_style":"","ocean_post_title_background_color":"","ocean_post_title_background":0,"ocean_post_title_bg_image_position":"","ocean_post_title_bg_image_attachment":"","ocean_post_title_bg_image_repeat":"","ocean_post_title_bg_image_size":"","ocean_post_title_height":0,"ocean_post_title_bg_overlay":0.5,"ocean_post_title_bg_overlay_color":"","ocean_disable_breadcrumbs":"default","ocean_breadcrumbs_color":"","ocean_breadcrumbs_separator_color":"","ocean_breadcrumbs_links_color":"","ocean_breadcrumbs_links_hover_color":"","ocean_display_footer_widgets":"default","ocean_display_footer_bottom":"default","ocean_custom_footer_template":"0","ocean_post_oembed":"","ocean_post_self_hosted_media":"","ocean_post_video_embed":"","ocean_link_format":"","ocean_link_format_target":"self","ocean_quote_format":"","ocean_quote_format_link":"post","ocean_gallery_link_images":"off","ocean_gallery_id":[],"footnotes":""},"categories":[28,21],"tags":[29,22],"class_list":["post-2215","post","type-post","status-publish","format-standard","has-post-thumbnail","hentry","category-exposicion","category-infantil","tag-exposicion","tag-infantil","entry","has-media"],"yoast_head":"<!-- This site is optimized with the Yoast SEO plugin v27.4 - https:\/\/yoast.com\/product\/yoast-seo-wordpress\/ -->\n<title>Un bosque \u00abencantador\u00bb para futuros pap\u00e1s - Tegar Daily Life Furniture<\/title>\n<meta name=\"robots\" content=\"index, follow, max-snippet:-1, max-image-preview:large, max-video-preview:-1\" \/>\n<link rel=\"canonical\" href=\"https:\/\/tegarmobel.com\/tegardlf\/un-bosque-encantador-para-futuros-papas\/\" \/>\n<meta property=\"og:locale\" content=\"es_ES\" \/>\n<meta property=\"og:type\" content=\"article\" \/>\n<meta property=\"og:title\" content=\"Un bosque \u00abencantador\u00bb para futuros pap\u00e1s - Tegar Daily Life Furniture\" \/>\n<meta property=\"og:description\" content=\"Qu\u00e9 ilusi\u00f3n!! Nos han llegado im\u00e1genes del mundo de fantas\u00eda que han creado en la tienda&nbsp;Pequeneques&nbsp;de Rivas-Vaciamadrid. Mobiliario de&nbsp;tegar&nbsp;junto con una gran dosis de imaginaci\u00f3n y creatividad, han dado como resultado este buc\u00f3lico espacio que nos adentra en un universo de ensue\u00f1o donde poder escoger con ilusi\u00f3n los complementos que arropar\u00e1n a nuestro beb\u00e9. Una [&hellip;]\" \/>\n<meta property=\"og:url\" content=\"https:\/\/tegarmobel.com\/tegardlf\/un-bosque-encantador-para-futuros-papas\/\" \/>\n<meta property=\"og:site_name\" content=\"Tegar Daily Life Furniture\" \/>\n<meta property=\"article:published_time\" content=\"2018-11-29T11:03:00+00:00\" \/>\n<meta property=\"article:modified_time\" content=\"2021-01-07T07:18:45+00:00\" \/>\n<meta property=\"og:image\" content=\"https:\/\/tegarmobel.com\/tegardlf\/wp-content\/uploads\/2020\/12\/04pqnq.jpg\" \/>\n\t<meta property=\"og:image:width\" content=\"1125\" \/>\n\t<meta property=\"og:image:height\" content=\"1500\" \/>\n\t<meta property=\"og:image:type\" content=\"image\/jpeg\" \/>\n<meta name=\"author\" content=\"alfred-tegarmobel\" \/>\n<meta name=\"twitter:card\" content=\"summary_large_image\" \/>\n<meta name=\"twitter:label1\" content=\"Escrito por\" \/>\n\t<meta name=\"twitter:data1\" content=\"alfred-tegarmobel\" \/>\n\t<meta name=\"twitter:label2\" content=\"Tiempo de lectura\" \/>\n\t<meta name=\"twitter:data2\" content=\"1 minuto\" \/>\n<script type=\"application\/ld+json\" class=\"yoast-schema-graph\">{\"@context\":\"https:\\\/\\\/schema.org\",\"@graph\":[{\"@type\":\"Article\",\"@id\":\"https:\\\/\\\/tegarmobel.com\\\/tegardlf\\\/un-bosque-encantador-para-futuros-papas\\\/#article\",\"isPartOf\":{\"@id\":\"https:\\\/\\\/tegarmobel.com\\\/tegardlf\\\/un-bosque-encantador-para-futuros-papas\\\/\"},\"author\":{\"name\":\"alfred-tegarmobel\",\"@id\":\"https:\\\/\\\/tegarmobel.com\\\/tegardlf\\\/#\\\/schema\\\/person\\\/256b9a6e00877f1d7e9add8453e82213\"},\"headline\":\"Un bosque \u00abencantador\u00bb para futuros pap\u00e1s\",\"datePublished\":\"2018-11-29T11:03:00+00:00\",\"dateModified\":\"2021-01-07T07:18:45+00:00\",\"mainEntityOfPage\":{\"@id\":\"https:\\\/\\\/tegarmobel.com\\\/tegardlf\\\/un-bosque-encantador-para-futuros-papas\\\/\"},\"wordCount\":226,\"commentCount\":0,\"publisher\":{\"@id\":\"https:\\\/\\\/tegarmobel.com\\\/tegardlf\\\/#organization\"},\"image\":{\"@id\":\"https:\\\/\\\/tegarmobel.com\\\/tegardlf\\\/un-bosque-encantador-para-futuros-papas\\\/#primaryimage\"},\"thumbnailUrl\":\"https:\\\/\\\/tegarmobel.com\\\/tegardlf\\\/wp-content\\\/uploads\\\/2020\\\/12\\\/04pqnq.jpg\",\"keywords\":[\"exposici\u00f3n\",\"infantil\"],\"articleSection\":[\"Exposici\u00f3n\",\"Infantil\"],\"inLanguage\":\"es\",\"potentialAction\":[{\"@type\":\"CommentAction\",\"name\":\"Comment\",\"target\":[\"https:\\\/\\\/tegarmobel.com\\\/tegardlf\\\/un-bosque-encantador-para-futuros-papas\\\/#respond\"]}]},{\"@type\":\"WebPage\",\"@id\":\"https:\\\/\\\/tegarmobel.com\\\/tegardlf\\\/un-bosque-encantador-para-futuros-papas\\\/\",\"url\":\"https:\\\/\\\/tegarmobel.com\\\/tegardlf\\\/un-bosque-encantador-para-futuros-papas\\\/\",\"name\":\"Un bosque \u00abencantador\u00bb para futuros pap\u00e1s - Tegar Daily Life Furniture\",\"isPartOf\":{\"@id\":\"https:\\\/\\\/tegarmobel.com\\\/tegardlf\\\/#website\"},\"primaryImageOfPage\":{\"@id\":\"https:\\\/\\\/tegarmobel.com\\\/tegardlf\\\/un-bosque-encantador-para-futuros-papas\\\/#primaryimage\"},\"image\":{\"@id\":\"https:\\\/\\\/tegarmobel.com\\\/tegardlf\\\/un-bosque-encantador-para-futuros-papas\\\/#primaryimage\"},\"thumbnailUrl\":\"https:\\\/\\\/tegarmobel.com\\\/tegardlf\\\/wp-content\\\/uploads\\\/2020\\\/12\\\/04pqnq.jpg\",\"datePublished\":\"2018-11-29T11:03:00+00:00\",\"dateModified\":\"2021-01-07T07:18:45+00:00\",\"breadcrumb\":{\"@id\":\"https:\\\/\\\/tegarmobel.com\\\/tegardlf\\\/un-bosque-encantador-para-futuros-papas\\\/#breadcrumb\"},\"inLanguage\":\"es\",\"potentialAction\":[{\"@type\":\"ReadAction\",\"target\":[\"https:\\\/\\\/tegarmobel.com\\\/tegardlf\\\/un-bosque-encantador-para-futuros-papas\\\/\"]}]},{\"@type\":\"ImageObject\",\"inLanguage\":\"es\",\"@id\":\"https:\\\/\\\/tegarmobel.com\\\/tegardlf\\\/un-bosque-encantador-para-futuros-papas\\\/#primaryimage\",\"url\":\"https:\\\/\\\/tegarmobel.com\\\/tegardlf\\\/wp-content\\\/uploads\\\/2020\\\/12\\\/04pqnq.jpg\",\"contentUrl\":\"https:\\\/\\\/tegarmobel.com\\\/tegardlf\\\/wp-content\\\/uploads\\\/2020\\\/12\\\/04pqnq.jpg\",\"width\":1125,\"height\":1500},{\"@type\":\"BreadcrumbList\",\"@id\":\"https:\\\/\\\/tegarmobel.com\\\/tegardlf\\\/un-bosque-encantador-para-futuros-papas\\\/#breadcrumb\",\"itemListElement\":[{\"@type\":\"ListItem\",\"position\":1,\"name\":\"Portada\",\"item\":\"https:\\\/\\\/tegarmobel.com\\\/tegardlf\\\/\"},{\"@type\":\"ListItem\",\"position\":2,\"name\":\"Un bosque \u00abencantador\u00bb para futuros pap\u00e1s\"}]},{\"@type\":\"WebSite\",\"@id\":\"https:\\\/\\\/tegarmobel.com\\\/tegardlf\\\/#website\",\"url\":\"https:\\\/\\\/tegarmobel.com\\\/tegardlf\\\/\",\"name\":\"Tegar Daily Life Furniture\",\"description\":\"Tegar Daily Life Furniture\",\"publisher\":{\"@id\":\"https:\\\/\\\/tegarmobel.com\\\/tegardlf\\\/#organization\"},\"potentialAction\":[{\"@type\":\"SearchAction\",\"target\":{\"@type\":\"EntryPoint\",\"urlTemplate\":\"https:\\\/\\\/tegarmobel.com\\\/tegardlf\\\/?s={search_term_string}\"},\"query-input\":{\"@type\":\"PropertyValueSpecification\",\"valueRequired\":true,\"valueName\":\"search_term_string\"}}],\"inLanguage\":\"es\"},{\"@type\":\"Organization\",\"@id\":\"https:\\\/\\\/tegarmobel.com\\\/tegardlf\\\/#organization\",\"name\":\"Tegar Daily Life Furniture\",\"url\":\"https:\\\/\\\/tegarmobel.com\\\/tegardlf\\\/\",\"logo\":{\"@type\":\"ImageObject\",\"inLanguage\":\"es\",\"@id\":\"https:\\\/\\\/tegarmobel.com\\\/tegardlf\\\/#\\\/schema\\\/logo\\\/image\\\/\",\"url\":\"https:\\\/\\\/tegarmobel.com\\\/tegardlf\\\/wp-content\\\/uploads\\\/2021\\\/09\\\/Logo-tegar-web8.png\",\"contentUrl\":\"https:\\\/\\\/tegarmobel.com\\\/tegardlf\\\/wp-content\\\/uploads\\\/2021\\\/09\\\/Logo-tegar-web8.png\",\"width\":1000,\"height\":162,\"caption\":\"Tegar Daily Life Furniture\"},\"image\":{\"@id\":\"https:\\\/\\\/tegarmobel.com\\\/tegardlf\\\/#\\\/schema\\\/logo\\\/image\\\/\"}},{\"@type\":\"Person\",\"@id\":\"https:\\\/\\\/tegarmobel.com\\\/tegardlf\\\/#\\\/schema\\\/person\\\/256b9a6e00877f1d7e9add8453e82213\",\"name\":\"alfred-tegarmobel\",\"image\":{\"@type\":\"ImageObject\",\"inLanguage\":\"es\",\"@id\":\"https:\\\/\\\/secure.gravatar.com\\\/avatar\\\/d94bd29aca0abd7ca9987ddc5b354de5c23cb4bc3ff03ed0ea36ff13abc64655?s=96&d=mm&r=g\",\"url\":\"https:\\\/\\\/secure.gravatar.com\\\/avatar\\\/d94bd29aca0abd7ca9987ddc5b354de5c23cb4bc3ff03ed0ea36ff13abc64655?s=96&d=mm&r=g\",\"contentUrl\":\"https:\\\/\\\/secure.gravatar.com\\\/avatar\\\/d94bd29aca0abd7ca9987ddc5b354de5c23cb4bc3ff03ed0ea36ff13abc64655?s=96&d=mm&r=g\",\"caption\":\"alfred-tegarmobel\"},\"sameAs\":[\"http:\\\/\\\/tegarmobel.com\\\/tegardlf\"],\"url\":\"https:\\\/\\\/tegarmobel.com\\\/tegardlf\\\/author\\\/alfredtegar\\\/\"}]}<\/script>\n<!-- \/ Yoast SEO plugin. -->","yoast_head_json":{"title":"Un bosque \u00abencantador\u00bb para futuros pap\u00e1s - Tegar Daily Life Furniture","robots":{"index":"index","follow":"follow","max-snippet":"max-snippet:-1","max-image-preview":"max-image-preview:large","max-video-preview":"max-video-preview:-1"},"canonical":"https:\/\/tegarmobel.com\/tegardlf\/un-bosque-encantador-para-futuros-papas\/","og_locale":"es_ES","og_type":"article","og_title":"Un bosque \u00abencantador\u00bb para futuros pap\u00e1s - Tegar Daily Life Furniture","og_description":"Qu\u00e9 ilusi\u00f3n!! Nos han llegado im\u00e1genes del mundo de fantas\u00eda que han creado en la tienda&nbsp;Pequeneques&nbsp;de Rivas-Vaciamadrid. Mobiliario de&nbsp;tegar&nbsp;junto con una gran dosis de imaginaci\u00f3n y creatividad, han dado como resultado este buc\u00f3lico espacio que nos adentra en un universo de ensue\u00f1o donde poder escoger con ilusi\u00f3n los complementos que arropar\u00e1n a nuestro beb\u00e9. Una [&hellip;]","og_url":"https:\/\/tegarmobel.com\/tegardlf\/un-bosque-encantador-para-futuros-papas\/","og_site_name":"Tegar Daily Life Furniture","article_published_time":"2018-11-29T11:03:00+00:00","article_modified_time":"2021-01-07T07:18:45+00:00","og_image":[{"width":1125,"height":1500,"url":"https:\/\/tegarmobel.com\/tegardlf\/wp-content\/uploads\/2020\/12\/04pqnq.jpg","type":"image\/jpeg"}],"author":"alfred-tegarmobel","twitter_card":"summary_large_image","twitter_misc":{"Escrito por":"alfred-tegarmobel","Tiempo de lectura":"1 minuto"},"schema":{"@context":"https:\/\/schema.org","@graph":[{"@type":"Article","@id":"https:\/\/tegarmobel.com\/tegardlf\/un-bosque-encantador-para-futuros-papas\/#article","isPartOf":{"@id":"https:\/\/tegarmobel.com\/tegardlf\/un-bosque-encantador-para-futuros-papas\/"},"author":{"name":"alfred-tegarmobel","@id":"https:\/\/tegarmobel.com\/tegardlf\/#\/schema\/person\/256b9a6e00877f1d7e9add8453e82213"},"headline":"Un bosque \u00abencantador\u00bb para futuros pap\u00e1s","datePublished":"2018-11-29T11:03:00+00:00","dateModified":"2021-01-07T07:18:45+00:00","mainEntityOfPage":{"@id":"https:\/\/tegarmobel.com\/tegardlf\/un-bosque-encantador-para-futuros-papas\/"},"wordCount":226,"commentCount":0,"publisher":{"@id":"https:\/\/tegarmobel.com\/tegardlf\/#organization"},"image":{"@id":"https:\/\/tegarmobel.com\/tegardlf\/un-bosque-encantador-para-futuros-papas\/#primaryimage"},"thumbnailUrl":"https:\/\/tegarmobel.com\/tegardlf\/wp-content\/uploads\/2020\/12\/04pqnq.jpg","keywords":["exposici\u00f3n","infantil"],"articleSection":["Exposici\u00f3n","Infantil"],"inLanguage":"es","potentialAction":[{"@type":"CommentAction","name":"Comment","target":["https:\/\/tegarmobel.com\/tegardlf\/un-bosque-encantador-para-futuros-papas\/#respond"]}]},{"@type":"WebPage","@id":"https:\/\/tegarmobel.com\/tegardlf\/un-bosque-encantador-para-futuros-papas\/","url":"https:\/\/tegarmobel.com\/tegardlf\/un-bosque-encantador-para-futuros-papas\/","name":"Un bosque \u00abencantador\u00bb para futuros pap\u00e1s - Tegar Daily Life Furniture","isPartOf":{"@id":"https:\/\/tegarmobel.com\/tegardlf\/#website"},"primaryImageOfPage":{"@id":"https:\/\/tegarmobel.com\/tegardlf\/un-bosque-encantador-para-futuros-papas\/#primaryimage"},"image":{"@id":"https:\/\/tegarmobel.com\/tegardlf\/un-bosque-encantador-para-futuros-papas\/#primaryimage"},"thumbnailUrl":"https:\/\/tegarmobel.com\/tegardlf\/wp-content\/uploads\/2020\/12\/04pqnq.jpg","datePublished":"2018-11-29T11:03:00+00:00","dateModified":"2021-01-07T07:18:45+00:00","breadcrumb":{"@id":"https:\/\/tegarmobel.com\/tegardlf\/un-bosque-encantador-para-futuros-papas\/#breadcrumb"},"inLanguage":"es","potentialAction":[{"@type":"ReadAction","target":["https:\/\/tegarmobel.com\/tegardlf\/un-bosque-encantador-para-futuros-papas\/"]}]},{"@type":"ImageObject","inLanguage":"es","@id":"https:\/\/tegarmobel.com\/tegardlf\/un-bosque-encantador-para-futuros-papas\/#primaryimage","url":"https:\/\/tegarmobel.com\/tegardlf\/wp-content\/uploads\/2020\/12\/04pqnq.jpg","contentUrl":"https:\/\/tegarmobel.com\/tegardlf\/wp-content\/uploads\/2020\/12\/04pqnq.jpg","width":1125,"height":1500},{"@type":"BreadcrumbList","@id":"https:\/\/tegarmobel.com\/tegardlf\/un-bosque-encantador-para-futuros-papas\/#breadcrumb","itemListElement":[{"@type":"ListItem","position":1,"name":"Portada","item":"https:\/\/tegarmobel.com\/tegardlf\/"},{"@type":"ListItem","position":2,"name":"Un bosque \u00abencantador\u00bb para futuros pap\u00e1s"}]},{"@type":"WebSite","@id":"https:\/\/tegarmobel.com\/tegardlf\/#website","url":"https:\/\/tegarmobel.com\/tegardlf\/","name":"Tegar Daily Life Furniture","description":"Tegar Daily Life Furniture","publisher":{"@id":"https:\/\/tegarmobel.com\/tegardlf\/#organization"},"potentialAction":[{"@type":"SearchAction","target":{"@type":"EntryPoint","urlTemplate":"https:\/\/tegarmobel.com\/tegardlf\/?s={search_term_string}"},"query-input":{"@type":"PropertyValueSpecification","valueRequired":true,"valueName":"search_term_string"}}],"inLanguage":"es"},{"@type":"Organization","@id":"https:\/\/tegarmobel.com\/tegardlf\/#organization","name":"Tegar Daily Life Furniture","url":"https:\/\/tegarmobel.com\/tegardlf\/","logo":{"@type":"ImageObject","inLanguage":"es","@id":"https:\/\/tegarmobel.com\/tegardlf\/#\/schema\/logo\/image\/","url":"https:\/\/tegarmobel.com\/tegardlf\/wp-content\/uploads\/2021\/09\/Logo-tegar-web8.png","contentUrl":"https:\/\/tegarmobel.com\/tegardlf\/wp-content\/uploads\/2021\/09\/Logo-tegar-web8.png","width":1000,"height":162,"caption":"Tegar Daily Life Furniture"},"image":{"@id":"https:\/\/tegarmobel.com\/tegardlf\/#\/schema\/logo\/image\/"}},{"@type":"Person","@id":"https:\/\/tegarmobel.com\/tegardlf\/#\/schema\/person\/256b9a6e00877f1d7e9add8453e82213","name":"alfred-tegarmobel","image":{"@type":"ImageObject","inLanguage":"es","@id":"https:\/\/secure.gravatar.com\/avatar\/d94bd29aca0abd7ca9987ddc5b354de5c23cb4bc3ff03ed0ea36ff13abc64655?s=96&d=mm&r=g","url":"https:\/\/secure.gravatar.com\/avatar\/d94bd29aca0abd7ca9987ddc5b354de5c23cb4bc3ff03ed0ea36ff13abc64655?s=96&d=mm&r=g","contentUrl":"https:\/\/secure.gravatar.com\/avatar\/d94bd29aca0abd7ca9987ddc5b354de5c23cb4bc3ff03ed0ea36ff13abc64655?s=96&d=mm&r=g","caption":"alfred-tegarmobel"},"sameAs":["http:\/\/tegarmobel.com\/tegardlf"],"url":"https:\/\/tegarmobel.com\/tegardlf\/author\/alfredtegar\/"}]}},"_links":{"self":[{"href":"https:\/\/tegarmobel.com\/tegardlf\/wp-json\/wp\/v2\/posts\/2215","targetHints":{"allow":["GET"]}}],"collection":[{"href":"https:\/\/tegarmobel.com\/tegardlf\/wp-json\/wp\/v2\/posts"}],"about":[{"href":"https:\/\/tegarmobel.com\/tegardlf\/wp-json\/wp\/v2\/types\/post"}],"author":[{"embeddable":true,"href":"https:\/\/tegarmobel.com\/tegardlf\/wp-json\/wp\/v2\/users\/1"}],"replies":[{"embeddable":true,"href":"https:\/\/tegarmobel.com\/tegardlf\/wp-json\/wp\/v2\/comments?post=2215"}],"version-history":[{"count":4,"href":"https:\/\/tegarmobel.com\/tegardlf\/wp-json\/wp\/v2\/posts\/2215\/revisions"}],"predecessor-version":[{"id":2225,"href":"https:\/\/tegarmobel.com\/tegardlf\/wp-json\/wp\/v2\/posts\/2215\/revisions\/2225"}],"wp:featuredmedia":[{"embeddable":true,"href":"https:\/\/tegarmobel.com\/tegardlf\/wp-json\/wp\/v2\/media\/2217"}],"wp:attachment":[{"href":"https:\/\/tegarmobel.com\/tegardlf\/wp-json\/wp\/v2\/media?parent=2215"}],"wp:term":[{"taxonomy":"category","embeddable":true,"href":"https:\/\/tegarmobel.com\/tegardlf\/wp-json\/wp\/v2\/categories?post=2215"},{"taxonomy":"post_tag","embeddable":true,"href":"https:\/\/tegarmobel.com\/tegardlf\/wp-json\/wp\/v2\/tags?post=2215"}],"curies":[{"name":"wp","href":"https:\/\/api.w.org\/{rel}","templated":true}]}}