{"id":5269,"date":"2023-08-03T17:12:43","date_gmt":"2023-08-03T17:12:43","guid":{"rendered":"https:\/\/tegarmobel.com\/tegardlf\/?p=5269"},"modified":"2026-04-09T06:03:15","modified_gmt":"2026-04-09T06:03:15","slug":"proyectos-clientes-tegar-estudio-pas","status":"publish","type":"post","link":"https:\/\/tegarmobel.com\/tegardlf\/proyectos-clientes-tegar-estudio-pas\/","title":{"rendered":"Proyectos Tegar | Estudio Pas"},"content":{"rendered":"\n<p>El estudio de arquitectura e interiorismo valenciano <strong>Estudio Pas<\/strong>, ha contado <strong>con el mobiliario a medida de<\/strong> <strong>Tegar<\/strong> para equipar el sal\u00f3n de esta vivienda, de estilo contempor\u00e1neo. \u00a0<\/p>\n\n\n\n<p>El proyecto, que ha consistido en el dise\u00f1o interior y amueblamiento, prioriza la calidez, la luz natural y, en definitiva, busca crear una atm\u00f3sfera de calma muy acogedora.\u00a0 Para ello se ha recurrido a una paleta de colores neutros, con suaves pinceladas de beige, marrones y amarillos.<\/p>\n\n\n\n<p class=\"has-text-align-left\" style=\"font-size:17px\"><strong>Un aparador discreto que viste la estancia<\/strong><\/p>\n\n\n<div class=\"wp-block-image\">\n<figure class=\"aligncenter size-large is-resized\"><img fetchpriority=\"high\" decoding=\"async\" src=\"https:\/\/tegarmobel.com\/tegardlf\/wp-content\/uploads\/2023\/08\/19-1024x723.jpg\" alt=\"aparador a medida Tegar\" class=\"wp-image-5270\" width=\"574\" height=\"405\" srcset=\"https:\/\/tegarmobel.com\/tegardlf\/wp-content\/uploads\/2023\/08\/19-1024x723.jpg 1024w, https:\/\/tegarmobel.com\/tegardlf\/wp-content\/uploads\/2023\/08\/19-400x282.jpg 400w, https:\/\/tegarmobel.com\/tegardlf\/wp-content\/uploads\/2023\/08\/19-768x542.jpg 768w, https:\/\/tegarmobel.com\/tegardlf\/wp-content\/uploads\/2023\/08\/19-1536x1085.jpg 1536w, https:\/\/tegarmobel.com\/tegardlf\/wp-content\/uploads\/2023\/08\/19-2048x1446.jpg 2048w\" sizes=\"(max-width: 574px) 100vw, 574px\" \/><\/figure>\n<\/div>\n\n\n<p>Para el aparador, tras el sof\u00e1, <strong>Estudio Pas<\/strong> y <strong>Tegar<\/strong> hemos escogido un modelo a media altura, formado por un volumen de tres puertas cerradas sin tiradores y un volumen m\u00e1s estrecho con hornacinas en un tono madera, que aportan profundidad.<\/p>\n\n\n\n<p>La pureza de su dise\u00f1o se contrasta con una decoraci\u00f3n m\u00e1s llamativa en la pared, donde destaca un gran cuadro en colores muy vivos. Sobre este mueble, la decoraci\u00f3n se completa con una planta, un adorno en cer\u00e1mica y una l\u00e1mpara de poca altura.<\/p>\n\n\n\n<p>A nivel funcional, el aparador resuelve con comodidad la organizaci\u00f3n del menaje de la casa, gracias a sus medidas perfectamente estudiadas.<\/p>\n\n\n\n<p style=\"font-size:15px\"><strong>Truco para mayor sensaci\u00f3n de amplitud: un mueble de TV ligero<\/strong><\/p>\n\n\n\n<p>Para acomodarse a ver la televisi\u00f3n frente al sof\u00e1, <strong>Estudio Pas<\/strong> ha dise\u00f1ado junto con <strong>Tegar <\/strong>un mueble bajo, de pared a pared. En este mueble se ha apostado por una est\u00e9tica de l\u00edneas puras, actual y muy ligera, sin tiradores y con patas met\u00e1licas altas, que dejan despejada la zona cercana al suelo, favoreciendo as\u00ed la sensaci\u00f3n de amplitud.<\/p>\n\n\n\n<p>En su interior, la funcionalidad de este mueble es prioritaria, con estantes y cajones para alojar todo tipo de objetos y aparatos, y equipado con las aperturas necesarias para esconder los tan poco est\u00e9ticos cables.<\/p>\n\n\n\n<p>\u201c<em>Hemos dise\u00f1ado toda la carpinter\u00eda de la vivienda en conjunto con la marca <strong>Tegar<\/strong>, porque ofrece laminados de nueva generaci\u00f3n, una calidad superior y acabados de lujo<\/em>\u201d explican desde <strong>Estudio Pas<\/strong>.<\/p>\n\n\n<div class=\"wp-block-image\">\n<figure class=\"aligncenter size-large is-resized\"><img decoding=\"async\" src=\"https:\/\/tegarmobel.com\/tegardlf\/wp-content\/uploads\/2023\/08\/08-1-1024x732.jpg\" alt=\"mueble de TV ligero a medida Tegar\" class=\"wp-image-5272\" width=\"512\" height=\"366\" srcset=\"https:\/\/tegarmobel.com\/tegardlf\/wp-content\/uploads\/2023\/08\/08-1-1024x732.jpg 1024w, https:\/\/tegarmobel.com\/tegardlf\/wp-content\/uploads\/2023\/08\/08-1-400x286.jpg 400w, https:\/\/tegarmobel.com\/tegardlf\/wp-content\/uploads\/2023\/08\/08-1-768x549.jpg 768w, https:\/\/tegarmobel.com\/tegardlf\/wp-content\/uploads\/2023\/08\/08-1-1536x1099.jpg 1536w, https:\/\/tegarmobel.com\/tegardlf\/wp-content\/uploads\/2023\/08\/08-1-2048x1465.jpg 2048w\" sizes=\"(max-width: 512px) 100vw, 512px\" \/><\/figure>\n<\/div>","protected":false},"excerpt":{"rendered":"<p>El estudio de arquitectura e interiorismo valenciano Estudio Pas, ha contado con el mobiliario a medida de Tegar para equipar el sal\u00f3n de esta vivienda, de estilo contempor\u00e1neo. \u00a0 El proyecto, que ha consistido en el dise\u00f1o interior y amueblamiento, prioriza la calidez, la luz natural y, en definitiva, busca crear una atm\u00f3sfera de calma [&hellip;]<\/p>\n","protected":false},"author":1,"featured_media":5273,"comment_status":"closed","ping_status":"open","sticky":false,"template":"","format":"standard","meta":{"ocean_post_layout":"","ocean_both_sidebars_style":"","ocean_both_sidebars_content_width":0,"ocean_both_sidebars_sidebars_width":0,"ocean_sidebar":"0","ocean_second_sidebar":"0","ocean_disable_margins":"enable","ocean_add_body_class":"","ocean_shortcode_before_top_bar":"","ocean_shortcode_after_top_bar":"","ocean_shortcode_before_header":"","ocean_shortcode_after_header":"","ocean_has_shortcode":"","ocean_shortcode_after_title":"","ocean_shortcode_before_footer_widgets":"","ocean_shortcode_after_footer_widgets":"","ocean_shortcode_before_footer_bottom":"","ocean_shortcode_after_footer_bottom":"","ocean_display_top_bar":"default","ocean_display_header":"default","ocean_header_style":"","ocean_center_header_left_menu":"0","ocean_custom_header_template":"0","ocean_custom_logo":0,"ocean_custom_retina_logo":0,"ocean_custom_logo_max_width":0,"ocean_custom_logo_tablet_max_width":0,"ocean_custom_logo_mobile_max_width":0,"ocean_custom_logo_max_height":0,"ocean_custom_logo_tablet_max_height":0,"ocean_custom_logo_mobile_max_height":0,"ocean_header_custom_menu":"0","ocean_menu_typo_font_family":"0","ocean_menu_typo_font_subset":"","ocean_menu_typo_font_size":0,"ocean_menu_typo_font_size_tablet":0,"ocean_menu_typo_font_size_mobile":0,"ocean_menu_typo_font_size_unit":"px","ocean_menu_typo_font_weight":"","ocean_menu_typo_font_weight_tablet":"","ocean_menu_typo_font_weight_mobile":"","ocean_menu_typo_transform":"","ocean_menu_typo_transform_tablet":"","ocean_menu_typo_transform_mobile":"","ocean_menu_typo_line_height":0,"ocean_menu_typo_line_height_tablet":0,"ocean_menu_typo_line_height_mobile":0,"ocean_menu_typo_line_height_unit":"","ocean_menu_typo_spacing":0,"ocean_menu_typo_spacing_tablet":0,"ocean_menu_typo_spacing_mobile":0,"ocean_menu_typo_spacing_unit":"","ocean_menu_link_color":"","ocean_menu_link_color_hover":"","ocean_menu_link_color_active":"","ocean_menu_link_background":"","ocean_menu_link_hover_background":"","ocean_menu_link_active_background":"","ocean_menu_social_links_bg":"","ocean_menu_social_hover_links_bg":"","ocean_menu_social_links_color":"","ocean_menu_social_hover_links_color":"","ocean_disable_title":"default","ocean_disable_heading":"default","ocean_post_title":"","ocean_post_subheading":"","ocean_post_title_style":"","ocean_post_title_background_color":"","ocean_post_title_background":0,"ocean_post_title_bg_image_position":"","ocean_post_title_bg_image_attachment":"","ocean_post_title_bg_image_repeat":"","ocean_post_title_bg_image_size":"","ocean_post_title_height":0,"ocean_post_title_bg_overlay":0.5,"ocean_post_title_bg_overlay_color":"","ocean_disable_breadcrumbs":"default","ocean_breadcrumbs_color":"","ocean_breadcrumbs_separator_color":"","ocean_breadcrumbs_links_color":"","ocean_breadcrumbs_links_hover_color":"","ocean_display_footer_widgets":"default","ocean_display_footer_bottom":"default","ocean_custom_footer_template":"0","ocean_post_oembed":"","ocean_post_self_hosted_media":"","ocean_post_video_embed":"","ocean_link_format":"","ocean_link_format_target":"self","ocean_quote_format":"","ocean_quote_format_link":"post","ocean_gallery_link_images":"off","ocean_gallery_id":[],"footnotes":""},"categories":[70,9,40,73],"tags":[82,11,84,41],"class_list":["post-5269","post","type-post","status-publish","format-standard","has-post-thumbnail","hentry","category-hogar","category-proyectos","category-salones","category-salones-2","tag-global-concept","tag-proyectos","tag-salon-a-medida","tag-salones","entry","has-media"],"yoast_head":"<!-- This site is optimized with the Yoast SEO plugin v27.4 - https:\/\/yoast.com\/product\/yoast-seo-wordpress\/ -->\n<title>Proyectos Tegar | Estudio Pas - Tegar Daily Life Furniture<\/title>\n<meta name=\"robots\" content=\"index, follow, max-snippet:-1, max-image-preview:large, max-video-preview:-1\" \/>\n<link rel=\"canonical\" href=\"https:\/\/tegarmobel.com\/tegardlf\/proyectos-clientes-tegar-estudio-pas\/\" \/>\n<meta property=\"og:locale\" content=\"es_ES\" \/>\n<meta property=\"og:type\" content=\"article\" \/>\n<meta property=\"og:title\" content=\"Proyectos Tegar | Estudio Pas - Tegar Daily Life Furniture\" \/>\n<meta property=\"og:description\" content=\"El estudio de arquitectura e interiorismo valenciano Estudio Pas, ha contado con el mobiliario a medida de Tegar para equipar el sal\u00f3n de esta vivienda, de estilo contempor\u00e1neo. \u00a0 El proyecto, que ha consistido en el dise\u00f1o interior y amueblamiento, prioriza la calidez, la luz natural y, en definitiva, busca crear una atm\u00f3sfera de calma [&hellip;]\" \/>\n<meta property=\"og:url\" content=\"https:\/\/tegarmobel.com\/tegardlf\/proyectos-clientes-tegar-estudio-pas\/\" \/>\n<meta property=\"og:site_name\" content=\"Tegar Daily Life Furniture\" \/>\n<meta property=\"article:published_time\" content=\"2023-08-03T17:12:43+00:00\" \/>\n<meta property=\"article:modified_time\" content=\"2026-04-09T06:03:15+00:00\" \/>\n<meta property=\"og:image\" content=\"https:\/\/tegarmobel.com\/tegardlf\/wp-content\/uploads\/2023\/08\/19-1-scaled.jpg\" \/>\n\t<meta property=\"og:image:width\" content=\"2560\" \/>\n\t<meta property=\"og:image:height\" content=\"1808\" \/>\n\t<meta property=\"og:image:type\" content=\"image\/jpeg\" \/>\n<meta name=\"author\" content=\"alfred-tegarmobel\" \/>\n<meta name=\"twitter:card\" content=\"summary_large_image\" \/>\n<meta name=\"twitter:label1\" content=\"Escrito por\" \/>\n\t<meta name=\"twitter:data1\" content=\"alfred-tegarmobel\" \/>\n\t<meta name=\"twitter:label2\" content=\"Tiempo de lectura\" \/>\n\t<meta name=\"twitter:data2\" content=\"2 minutos\" \/>\n<script type=\"application\/ld+json\" class=\"yoast-schema-graph\">{\"@context\":\"https:\\\/\\\/schema.org\",\"@graph\":[{\"@type\":\"Article\",\"@id\":\"https:\\\/\\\/tegarmobel.com\\\/tegardlf\\\/proyectos-clientes-tegar-estudio-pas\\\/#article\",\"isPartOf\":{\"@id\":\"https:\\\/\\\/tegarmobel.com\\\/tegardlf\\\/proyectos-clientes-tegar-estudio-pas\\\/\"},\"author\":{\"name\":\"alfred-tegarmobel\",\"@id\":\"https:\\\/\\\/tegarmobel.com\\\/tegardlf\\\/#\\\/schema\\\/person\\\/256b9a6e00877f1d7e9add8453e82213\"},\"headline\":\"Proyectos Tegar | Estudio Pas\",\"datePublished\":\"2023-08-03T17:12:43+00:00\",\"dateModified\":\"2026-04-09T06:03:15+00:00\",\"mainEntityOfPage\":{\"@id\":\"https:\\\/\\\/tegarmobel.com\\\/tegardlf\\\/proyectos-clientes-tegar-estudio-pas\\\/\"},\"wordCount\":352,\"publisher\":{\"@id\":\"https:\\\/\\\/tegarmobel.com\\\/tegardlf\\\/#organization\"},\"image\":{\"@id\":\"https:\\\/\\\/tegarmobel.com\\\/tegardlf\\\/proyectos-clientes-tegar-estudio-pas\\\/#primaryimage\"},\"thumbnailUrl\":\"https:\\\/\\\/tegarmobel.com\\\/tegardlf\\\/wp-content\\\/uploads\\\/2023\\\/08\\\/19-1-scaled.jpg\",\"keywords\":[\"global concept\",\"Proyectos\",\"salon a medida\",\"salones\"],\"articleSection\":[\"Hogar\",\"Proyectos\",\"salones\",\"salones\"],\"inLanguage\":\"es\"},{\"@type\":\"WebPage\",\"@id\":\"https:\\\/\\\/tegarmobel.com\\\/tegardlf\\\/proyectos-clientes-tegar-estudio-pas\\\/\",\"url\":\"https:\\\/\\\/tegarmobel.com\\\/tegardlf\\\/proyectos-clientes-tegar-estudio-pas\\\/\",\"name\":\"Proyectos Tegar | Estudio Pas - Tegar Daily Life Furniture\",\"isPartOf\":{\"@id\":\"https:\\\/\\\/tegarmobel.com\\\/tegardlf\\\/#website\"},\"primaryImageOfPage\":{\"@id\":\"https:\\\/\\\/tegarmobel.com\\\/tegardlf\\\/proyectos-clientes-tegar-estudio-pas\\\/#primaryimage\"},\"image\":{\"@id\":\"https:\\\/\\\/tegarmobel.com\\\/tegardlf\\\/proyectos-clientes-tegar-estudio-pas\\\/#primaryimage\"},\"thumbnailUrl\":\"https:\\\/\\\/tegarmobel.com\\\/tegardlf\\\/wp-content\\\/uploads\\\/2023\\\/08\\\/19-1-scaled.jpg\",\"datePublished\":\"2023-08-03T17:12:43+00:00\",\"dateModified\":\"2026-04-09T06:03:15+00:00\",\"breadcrumb\":{\"@id\":\"https:\\\/\\\/tegarmobel.com\\\/tegardlf\\\/proyectos-clientes-tegar-estudio-pas\\\/#breadcrumb\"},\"inLanguage\":\"es\",\"potentialAction\":[{\"@type\":\"ReadAction\",\"target\":[\"https:\\\/\\\/tegarmobel.com\\\/tegardlf\\\/proyectos-clientes-tegar-estudio-pas\\\/\"]}]},{\"@type\":\"ImageObject\",\"inLanguage\":\"es\",\"@id\":\"https:\\\/\\\/tegarmobel.com\\\/tegardlf\\\/proyectos-clientes-tegar-estudio-pas\\\/#primaryimage\",\"url\":\"https:\\\/\\\/tegarmobel.com\\\/tegardlf\\\/wp-content\\\/uploads\\\/2023\\\/08\\\/19-1-scaled.jpg\",\"contentUrl\":\"https:\\\/\\\/tegarmobel.com\\\/tegardlf\\\/wp-content\\\/uploads\\\/2023\\\/08\\\/19-1-scaled.jpg\",\"width\":2560,\"height\":1808,\"caption\":\"salon con mobiliario discreto y a medida de Tegar\"},{\"@type\":\"BreadcrumbList\",\"@id\":\"https:\\\/\\\/tegarmobel.com\\\/tegardlf\\\/proyectos-clientes-tegar-estudio-pas\\\/#breadcrumb\",\"itemListElement\":[{\"@type\":\"ListItem\",\"position\":1,\"name\":\"Portada\",\"item\":\"https:\\\/\\\/tegarmobel.com\\\/tegardlf\\\/\"},{\"@type\":\"ListItem\",\"position\":2,\"name\":\"Proyectos Tegar | Estudio Pas\"}]},{\"@type\":\"WebSite\",\"@id\":\"https:\\\/\\\/tegarmobel.com\\\/tegardlf\\\/#website\",\"url\":\"https:\\\/\\\/tegarmobel.com\\\/tegardlf\\\/\",\"name\":\"Tegar Daily Life Furniture\",\"description\":\"Tegar Daily Life Furniture\",\"publisher\":{\"@id\":\"https:\\\/\\\/tegarmobel.com\\\/tegardlf\\\/#organization\"},\"potentialAction\":[{\"@type\":\"SearchAction\",\"target\":{\"@type\":\"EntryPoint\",\"urlTemplate\":\"https:\\\/\\\/tegarmobel.com\\\/tegardlf\\\/?s={search_term_string}\"},\"query-input\":{\"@type\":\"PropertyValueSpecification\",\"valueRequired\":true,\"valueName\":\"search_term_string\"}}],\"inLanguage\":\"es\"},{\"@type\":\"Organization\",\"@id\":\"https:\\\/\\\/tegarmobel.com\\\/tegardlf\\\/#organization\",\"name\":\"Tegar Daily Life Furniture\",\"url\":\"https:\\\/\\\/tegarmobel.com\\\/tegardlf\\\/\",\"logo\":{\"@type\":\"ImageObject\",\"inLanguage\":\"es\",\"@id\":\"https:\\\/\\\/tegarmobel.com\\\/tegardlf\\\/#\\\/schema\\\/logo\\\/image\\\/\",\"url\":\"https:\\\/\\\/tegarmobel.com\\\/tegardlf\\\/wp-content\\\/uploads\\\/2021\\\/09\\\/Logo-tegar-web8.png\",\"contentUrl\":\"https:\\\/\\\/tegarmobel.com\\\/tegardlf\\\/wp-content\\\/uploads\\\/2021\\\/09\\\/Logo-tegar-web8.png\",\"width\":1000,\"height\":162,\"caption\":\"Tegar Daily Life Furniture\"},\"image\":{\"@id\":\"https:\\\/\\\/tegarmobel.com\\\/tegardlf\\\/#\\\/schema\\\/logo\\\/image\\\/\"}},{\"@type\":\"Person\",\"@id\":\"https:\\\/\\\/tegarmobel.com\\\/tegardlf\\\/#\\\/schema\\\/person\\\/256b9a6e00877f1d7e9add8453e82213\",\"name\":\"alfred-tegarmobel\",\"image\":{\"@type\":\"ImageObject\",\"inLanguage\":\"es\",\"@id\":\"https:\\\/\\\/secure.gravatar.com\\\/avatar\\\/d94bd29aca0abd7ca9987ddc5b354de5c23cb4bc3ff03ed0ea36ff13abc64655?s=96&d=mm&r=g\",\"url\":\"https:\\\/\\\/secure.gravatar.com\\\/avatar\\\/d94bd29aca0abd7ca9987ddc5b354de5c23cb4bc3ff03ed0ea36ff13abc64655?s=96&d=mm&r=g\",\"contentUrl\":\"https:\\\/\\\/secure.gravatar.com\\\/avatar\\\/d94bd29aca0abd7ca9987ddc5b354de5c23cb4bc3ff03ed0ea36ff13abc64655?s=96&d=mm&r=g\",\"caption\":\"alfred-tegarmobel\"},\"sameAs\":[\"http:\\\/\\\/tegarmobel.com\\\/tegardlf\"],\"url\":\"https:\\\/\\\/tegarmobel.com\\\/tegardlf\\\/author\\\/alfredtegar\\\/\"}]}<\/script>\n<!-- \/ Yoast SEO plugin. -->","yoast_head_json":{"title":"Proyectos Tegar | Estudio Pas - Tegar Daily Life Furniture","robots":{"index":"index","follow":"follow","max-snippet":"max-snippet:-1","max-image-preview":"max-image-preview:large","max-video-preview":"max-video-preview:-1"},"canonical":"https:\/\/tegarmobel.com\/tegardlf\/proyectos-clientes-tegar-estudio-pas\/","og_locale":"es_ES","og_type":"article","og_title":"Proyectos Tegar | Estudio Pas - Tegar Daily Life Furniture","og_description":"El estudio de arquitectura e interiorismo valenciano Estudio Pas, ha contado con el mobiliario a medida de Tegar para equipar el sal\u00f3n de esta vivienda, de estilo contempor\u00e1neo. \u00a0 El proyecto, que ha consistido en el dise\u00f1o interior y amueblamiento, prioriza la calidez, la luz natural y, en definitiva, busca crear una atm\u00f3sfera de calma [&hellip;]","og_url":"https:\/\/tegarmobel.com\/tegardlf\/proyectos-clientes-tegar-estudio-pas\/","og_site_name":"Tegar Daily Life Furniture","article_published_time":"2023-08-03T17:12:43+00:00","article_modified_time":"2026-04-09T06:03:15+00:00","og_image":[{"width":2560,"height":1808,"url":"https:\/\/tegarmobel.com\/tegardlf\/wp-content\/uploads\/2023\/08\/19-1-scaled.jpg","type":"image\/jpeg"}],"author":"alfred-tegarmobel","twitter_card":"summary_large_image","twitter_misc":{"Escrito por":"alfred-tegarmobel","Tiempo de lectura":"2 minutos"},"schema":{"@context":"https:\/\/schema.org","@graph":[{"@type":"Article","@id":"https:\/\/tegarmobel.com\/tegardlf\/proyectos-clientes-tegar-estudio-pas\/#article","isPartOf":{"@id":"https:\/\/tegarmobel.com\/tegardlf\/proyectos-clientes-tegar-estudio-pas\/"},"author":{"name":"alfred-tegarmobel","@id":"https:\/\/tegarmobel.com\/tegardlf\/#\/schema\/person\/256b9a6e00877f1d7e9add8453e82213"},"headline":"Proyectos Tegar | Estudio Pas","datePublished":"2023-08-03T17:12:43+00:00","dateModified":"2026-04-09T06:03:15+00:00","mainEntityOfPage":{"@id":"https:\/\/tegarmobel.com\/tegardlf\/proyectos-clientes-tegar-estudio-pas\/"},"wordCount":352,"publisher":{"@id":"https:\/\/tegarmobel.com\/tegardlf\/#organization"},"image":{"@id":"https:\/\/tegarmobel.com\/tegardlf\/proyectos-clientes-tegar-estudio-pas\/#primaryimage"},"thumbnailUrl":"https:\/\/tegarmobel.com\/tegardlf\/wp-content\/uploads\/2023\/08\/19-1-scaled.jpg","keywords":["global concept","Proyectos","salon a medida","salones"],"articleSection":["Hogar","Proyectos","salones","salones"],"inLanguage":"es"},{"@type":"WebPage","@id":"https:\/\/tegarmobel.com\/tegardlf\/proyectos-clientes-tegar-estudio-pas\/","url":"https:\/\/tegarmobel.com\/tegardlf\/proyectos-clientes-tegar-estudio-pas\/","name":"Proyectos Tegar | Estudio Pas - Tegar Daily Life Furniture","isPartOf":{"@id":"https:\/\/tegarmobel.com\/tegardlf\/#website"},"primaryImageOfPage":{"@id":"https:\/\/tegarmobel.com\/tegardlf\/proyectos-clientes-tegar-estudio-pas\/#primaryimage"},"image":{"@id":"https:\/\/tegarmobel.com\/tegardlf\/proyectos-clientes-tegar-estudio-pas\/#primaryimage"},"thumbnailUrl":"https:\/\/tegarmobel.com\/tegardlf\/wp-content\/uploads\/2023\/08\/19-1-scaled.jpg","datePublished":"2023-08-03T17:12:43+00:00","dateModified":"2026-04-09T06:03:15+00:00","breadcrumb":{"@id":"https:\/\/tegarmobel.com\/tegardlf\/proyectos-clientes-tegar-estudio-pas\/#breadcrumb"},"inLanguage":"es","potentialAction":[{"@type":"ReadAction","target":["https:\/\/tegarmobel.com\/tegardlf\/proyectos-clientes-tegar-estudio-pas\/"]}]},{"@type":"ImageObject","inLanguage":"es","@id":"https:\/\/tegarmobel.com\/tegardlf\/proyectos-clientes-tegar-estudio-pas\/#primaryimage","url":"https:\/\/tegarmobel.com\/tegardlf\/wp-content\/uploads\/2023\/08\/19-1-scaled.jpg","contentUrl":"https:\/\/tegarmobel.com\/tegardlf\/wp-content\/uploads\/2023\/08\/19-1-scaled.jpg","width":2560,"height":1808,"caption":"salon con mobiliario discreto y a medida de Tegar"},{"@type":"BreadcrumbList","@id":"https:\/\/tegarmobel.com\/tegardlf\/proyectos-clientes-tegar-estudio-pas\/#breadcrumb","itemListElement":[{"@type":"ListItem","position":1,"name":"Portada","item":"https:\/\/tegarmobel.com\/tegardlf\/"},{"@type":"ListItem","position":2,"name":"Proyectos Tegar | Estudio Pas"}]},{"@type":"WebSite","@id":"https:\/\/tegarmobel.com\/tegardlf\/#website","url":"https:\/\/tegarmobel.com\/tegardlf\/","name":"Tegar Daily Life Furniture","description":"Tegar Daily Life Furniture","publisher":{"@id":"https:\/\/tegarmobel.com\/tegardlf\/#organization"},"potentialAction":[{"@type":"SearchAction","target":{"@type":"EntryPoint","urlTemplate":"https:\/\/tegarmobel.com\/tegardlf\/?s={search_term_string}"},"query-input":{"@type":"PropertyValueSpecification","valueRequired":true,"valueName":"search_term_string"}}],"inLanguage":"es"},{"@type":"Organization","@id":"https:\/\/tegarmobel.com\/tegardlf\/#organization","name":"Tegar Daily Life Furniture","url":"https:\/\/tegarmobel.com\/tegardlf\/","logo":{"@type":"ImageObject","inLanguage":"es","@id":"https:\/\/tegarmobel.com\/tegardlf\/#\/schema\/logo\/image\/","url":"https:\/\/tegarmobel.com\/tegardlf\/wp-content\/uploads\/2021\/09\/Logo-tegar-web8.png","contentUrl":"https:\/\/tegarmobel.com\/tegardlf\/wp-content\/uploads\/2021\/09\/Logo-tegar-web8.png","width":1000,"height":162,"caption":"Tegar Daily Life Furniture"},"image":{"@id":"https:\/\/tegarmobel.com\/tegardlf\/#\/schema\/logo\/image\/"}},{"@type":"Person","@id":"https:\/\/tegarmobel.com\/tegardlf\/#\/schema\/person\/256b9a6e00877f1d7e9add8453e82213","name":"alfred-tegarmobel","image":{"@type":"ImageObject","inLanguage":"es","@id":"https:\/\/secure.gravatar.com\/avatar\/d94bd29aca0abd7ca9987ddc5b354de5c23cb4bc3ff03ed0ea36ff13abc64655?s=96&d=mm&r=g","url":"https:\/\/secure.gravatar.com\/avatar\/d94bd29aca0abd7ca9987ddc5b354de5c23cb4bc3ff03ed0ea36ff13abc64655?s=96&d=mm&r=g","contentUrl":"https:\/\/secure.gravatar.com\/avatar\/d94bd29aca0abd7ca9987ddc5b354de5c23cb4bc3ff03ed0ea36ff13abc64655?s=96&d=mm&r=g","caption":"alfred-tegarmobel"},"sameAs":["http:\/\/tegarmobel.com\/tegardlf"],"url":"https:\/\/tegarmobel.com\/tegardlf\/author\/alfredtegar\/"}]}},"_links":{"self":[{"href":"https:\/\/tegarmobel.com\/tegardlf\/wp-json\/wp\/v2\/posts\/5269","targetHints":{"allow":["GET"]}}],"collection":[{"href":"https:\/\/tegarmobel.com\/tegardlf\/wp-json\/wp\/v2\/posts"}],"about":[{"href":"https:\/\/tegarmobel.com\/tegardlf\/wp-json\/wp\/v2\/types\/post"}],"author":[{"embeddable":true,"href":"https:\/\/tegarmobel.com\/tegardlf\/wp-json\/wp\/v2\/users\/1"}],"replies":[{"embeddable":true,"href":"https:\/\/tegarmobel.com\/tegardlf\/wp-json\/wp\/v2\/comments?post=5269"}],"version-history":[{"count":2,"href":"https:\/\/tegarmobel.com\/tegardlf\/wp-json\/wp\/v2\/posts\/5269\/revisions"}],"predecessor-version":[{"id":6869,"href":"https:\/\/tegarmobel.com\/tegardlf\/wp-json\/wp\/v2\/posts\/5269\/revisions\/6869"}],"wp:featuredmedia":[{"embeddable":true,"href":"https:\/\/tegarmobel.com\/tegardlf\/wp-json\/wp\/v2\/media\/5273"}],"wp:attachment":[{"href":"https:\/\/tegarmobel.com\/tegardlf\/wp-json\/wp\/v2\/media?parent=5269"}],"wp:term":[{"taxonomy":"category","embeddable":true,"href":"https:\/\/tegarmobel.com\/tegardlf\/wp-json\/wp\/v2\/categories?post=5269"},{"taxonomy":"post_tag","embeddable":true,"href":"https:\/\/tegarmobel.com\/tegardlf\/wp-json\/wp\/v2\/tags?post=5269"}],"curies":[{"name":"wp","href":"https:\/\/api.w.org\/{rel}","templated":true}]}}