{"id":5530,"date":"2023-10-10T08:59:33","date_gmt":"2023-10-10T08:59:33","guid":{"rendered":"https:\/\/tegarmobel.com\/tegardlf\/?p=5530"},"modified":"2026-04-09T06:02:36","modified_gmt":"2026-04-09T06:02:36","slug":"proyectos-clientes-tegar-casa-turkesa","status":"publish","type":"post","link":"https:\/\/tegarmobel.com\/tegardlf\/proyectos-clientes-tegar-casa-turkesa\/","title":{"rendered":"Proyectos Tegar | Casa Turquesa"},"content":{"rendered":"\n<p>Con el azul turquesa como hilo conductor, el estudio vizca\u00edno <strong>Mugarri Interiorismo <\/strong>ha dise\u00f1ado en su totalidad un piso de obra nueva que, adem\u00e1s de destacar por una marcada personalidad, ofrece distintas soluciones de almacenamiento, realizadas con mobiliario a medida de <strong>Tegar<\/strong>.<\/p>\n\n\n\n<p>Desde la zona de d\u00eda hasta la zona de descanso, la coherencia visual se nutre de una paleta de colores azul, blanco y una tonalidad suave de madera, que transmite calma y bienestar. La denominada \u201cCasa Turkesa\u201d guarda coherencia con su nombre e incorpora el azul turquesa en todas las estancias.<\/p>\n\n\n\n<p>Los dos dormitorios de la vivienda son un refugio acogedor que sigue esta l\u00ednea crom\u00e1tica.<\/p>\n\n\n\n<h2 class=\"wp-block-heading\">Un cabecero asim\u00e9trico en el dormitorio principal<\/h2>\n\n\n\n<figure class=\"wp-block-image size-full is-resized\"><img fetchpriority=\"high\" decoding=\"async\" src=\"https:\/\/tegarmobel.com\/tegardlf\/wp-content\/uploads\/2023\/10\/image.png\" alt=\"\" class=\"wp-image-5531\" width=\"338\" height=\"338\" srcset=\"https:\/\/tegarmobel.com\/tegardlf\/wp-content\/uploads\/2023\/10\/image.png 474w, https:\/\/tegarmobel.com\/tegardlf\/wp-content\/uploads\/2023\/10\/image-300x300.png 300w\" sizes=\"(max-width: 338px) 100vw, 338px\" \/><\/figure>\n\n\n\n<p>La pared frontal del dormitorio se ha vestido con un papel pintado estampado con motivos vegetales en tonos azulados. El resto de paredes de la estancia est\u00e1n pintadas en azul turquesa. El techo blanco aporta profundidad y altura, que se potencia con una cornisa en todo su per\u00edmetro. Con dise\u00f1o asim\u00e9trico, el cabecero -realizado por <strong>Tegar-<\/strong> combina una tonalidad muy clara de madera con el blanco impoluto de sus mesillas de noche con cajones.<\/p>\n\n\n\n<p>Acorde con esta belleza desigual del cabecero, tambi\u00e9n se ha optado por elementos distintos para resolver la iluminaci\u00f3n de la zona de la cama. A un lado un aplique de pared y, al otro, dos l\u00e1mparas colgantes -todas en blanco-, excelentes soluciones lum\u00ednicas que aligeran el espacio de las mesillas de noche.<\/p>\n\n\n\n<figure class=\"wp-block-image size-full is-resized\"><img decoding=\"async\" src=\"https:\/\/tegarmobel.com\/tegardlf\/wp-content\/uploads\/2023\/10\/image-1.png\" alt=\"\" class=\"wp-image-5532\" width=\"224\" height=\"338\"\/><\/figure>\n\n\n\n<p>La ropa de cama se ha escogido en tonalidades blancas y crudo con textiles lisos, jugando con diferentes texturas naturales, que suman ligereza, confort y personalidad.<\/p>\n\n\n\n<h2 class=\"wp-block-heading\"><strong>Una habitaci\u00f3n infantil aprovechada al m\u00e1ximo<\/strong><\/h2>\n\n\n\n<p>El espacio disponible en la habitaci\u00f3n infantil se ha aprovechado al m\u00e1ximo, con espacio para almacenamiento, para el estudio y para descansar e incluso invitar a alg\u00fan amigo\/a a dormir. Como revestimiento se ha utilizado un papel pintado, con peque\u00f1os motivos geom\u00e9tricos, en tonos blancos y azules.<\/p>\n\n\n\n<figure class=\"wp-block-image size-full is-resized\"><img decoding=\"async\" src=\"https:\/\/tegarmobel.com\/tegardlf\/wp-content\/uploads\/2023\/10\/image-2.png\" alt=\"\" class=\"wp-image-5533\" width=\"390\" height=\"364\" srcset=\"https:\/\/tegarmobel.com\/tegardlf\/wp-content\/uploads\/2023\/10\/image-2.png 611w, https:\/\/tegarmobel.com\/tegardlf\/wp-content\/uploads\/2023\/10\/image-2-321x300.png 321w\" sizes=\"(max-width: 390px) 100vw, 390px\" \/><\/figure>\n\n\n\n<p>El mobiliario, tanto de la cama como los armarios, realizado por <strong>Tegar<\/strong>, se ha escogido en un acabado liso en madera muy clara.<\/p>\n\n\n\n<p>Los textiles en tonos claros y pasteles consiguen suavizar la estancia y hacerla m\u00e1s atractiva para el p\u00fablico m\u00e1s joven de la casa. El aprovechamiento de la estancia es total gracias al armario esquinero, fabricado a medida por Tegar para exprimir hasta el \u00faltimo cent\u00edmetro de almacenaje. La cama tipo nido, incluye una cama supletoria y dos amplios y pr\u00e1cticos cajones.<\/p>\n\n\n\n<p>Frente a la cama, un c\u00f3modo escritorio, dise\u00f1ado tambi\u00e9n por Tegar, con una mesa amplia, estanter\u00edas, armarios y distintas cajoneras que facilitan que todo est\u00e9 en orden.<\/p>\n\n\n\n<figure class=\"wp-block-image size-full\"><img loading=\"lazy\" decoding=\"async\" width=\"393\" height=\"423\" src=\"https:\/\/tegarmobel.com\/tegardlf\/wp-content\/uploads\/2023\/10\/image-3.png\" alt=\"\" class=\"wp-image-5534\" srcset=\"https:\/\/tegarmobel.com\/tegardlf\/wp-content\/uploads\/2023\/10\/image-3.png 393w, https:\/\/tegarmobel.com\/tegardlf\/wp-content\/uploads\/2023\/10\/image-3-279x300.png 279w\" sizes=\"(max-width: 393px) 100vw, 393px\" \/><\/figure>\n\n\n\n<p>Fotos: Biderbost Photo<\/p>\n","protected":false},"excerpt":{"rendered":"<p>Con el azul turquesa como hilo conductor, el estudio vizca\u00edno Mugarri Interiorismo ha dise\u00f1ado en su totalidad un piso de obra nueva que, adem\u00e1s de destacar por una marcada personalidad, ofrece distintas soluciones de almacenamiento, realizadas con mobiliario a medida de Tegar. Desde la zona de d\u00eda hasta la zona de descanso, la coherencia visual [&hellip;]<\/p>\n","protected":false},"author":1,"featured_media":5533,"comment_status":"closed","ping_status":"open","sticky":false,"template":"","format":"standard","meta":{"ocean_post_layout":"","ocean_both_sidebars_style":"","ocean_both_sidebars_content_width":0,"ocean_both_sidebars_sidebars_width":0,"ocean_sidebar":"","ocean_second_sidebar":"","ocean_disable_margins":"enable","ocean_add_body_class":"","ocean_shortcode_before_top_bar":"","ocean_shortcode_after_top_bar":"","ocean_shortcode_before_header":"","ocean_shortcode_after_header":"","ocean_has_shortcode":"","ocean_shortcode_after_title":"","ocean_shortcode_before_footer_widgets":"","ocean_shortcode_after_footer_widgets":"","ocean_shortcode_before_footer_bottom":"","ocean_shortcode_after_footer_bottom":"","ocean_display_top_bar":"default","ocean_display_header":"default","ocean_header_style":"","ocean_center_header_left_menu":"","ocean_custom_header_template":"","ocean_custom_logo":0,"ocean_custom_retina_logo":0,"ocean_custom_logo_max_width":0,"ocean_custom_logo_tablet_max_width":0,"ocean_custom_logo_mobile_max_width":0,"ocean_custom_logo_max_height":0,"ocean_custom_logo_tablet_max_height":0,"ocean_custom_logo_mobile_max_height":0,"ocean_header_custom_menu":"","ocean_menu_typo_font_family":"","ocean_menu_typo_font_subset":"","ocean_menu_typo_font_size":0,"ocean_menu_typo_font_size_tablet":0,"ocean_menu_typo_font_size_mobile":0,"ocean_menu_typo_font_size_unit":"px","ocean_menu_typo_font_weight":"","ocean_menu_typo_font_weight_tablet":"","ocean_menu_typo_font_weight_mobile":"","ocean_menu_typo_transform":"","ocean_menu_typo_transform_tablet":"","ocean_menu_typo_transform_mobile":"","ocean_menu_typo_line_height":0,"ocean_menu_typo_line_height_tablet":0,"ocean_menu_typo_line_height_mobile":0,"ocean_menu_typo_line_height_unit":"","ocean_menu_typo_spacing":0,"ocean_menu_typo_spacing_tablet":0,"ocean_menu_typo_spacing_mobile":0,"ocean_menu_typo_spacing_unit":"","ocean_menu_link_color":"","ocean_menu_link_color_hover":"","ocean_menu_link_color_active":"","ocean_menu_link_background":"","ocean_menu_link_hover_background":"","ocean_menu_link_active_background":"","ocean_menu_social_links_bg":"","ocean_menu_social_hover_links_bg":"","ocean_menu_social_links_color":"","ocean_menu_social_hover_links_color":"","ocean_disable_title":"default","ocean_disable_heading":"default","ocean_post_title":"","ocean_post_subheading":"","ocean_post_title_style":"","ocean_post_title_background_color":"","ocean_post_title_background":0,"ocean_post_title_bg_image_position":"","ocean_post_title_bg_image_attachment":"","ocean_post_title_bg_image_repeat":"","ocean_post_title_bg_image_size":"","ocean_post_title_height":0,"ocean_post_title_bg_overlay":0.5,"ocean_post_title_bg_overlay_color":"","ocean_disable_breadcrumbs":"default","ocean_breadcrumbs_color":"","ocean_breadcrumbs_separator_color":"","ocean_breadcrumbs_links_color":"","ocean_breadcrumbs_links_hover_color":"","ocean_display_footer_widgets":"default","ocean_display_footer_bottom":"default","ocean_custom_footer_template":"","ocean_post_oembed":"","ocean_post_self_hosted_media":"","ocean_post_video_embed":"","ocean_link_format":"","ocean_link_format_target":"self","ocean_quote_format":"","ocean_quote_format_link":"post","ocean_gallery_link_images":"on","ocean_gallery_id":[],"footnotes":""},"categories":[53,71,21,9,80],"tags":[83,86,85,81],"class_list":["post-5530","post","type-post","status-publish","format-standard","has-post-thumbnail","hentry","category-amueblamiento-integral-proyectos","category-dormitorios-2","category-infantil","category-proyectos","category-reforma","tag-amueblamiento-integral","tag-dormitorio-matrimonio","tag-habitacion-infantil","tag-reforma-integral","entry","has-media"],"yoast_head":"<!-- This site is optimized with the Yoast SEO plugin v27.4 - https:\/\/yoast.com\/product\/yoast-seo-wordpress\/ -->\n<title>Proyectos Tegar | Casa Turquesa - Tegar Daily Life Furniture<\/title>\n<meta name=\"robots\" content=\"index, follow, max-snippet:-1, max-image-preview:large, max-video-preview:-1\" \/>\n<link rel=\"canonical\" href=\"https:\/\/tegarmobel.com\/tegardlf\/proyectos-clientes-tegar-casa-turkesa\/\" \/>\n<meta property=\"og:locale\" content=\"es_ES\" \/>\n<meta property=\"og:type\" content=\"article\" \/>\n<meta property=\"og:title\" content=\"Proyectos Tegar | Casa Turquesa - Tegar Daily Life Furniture\" \/>\n<meta property=\"og:description\" content=\"Con el azul turquesa como hilo conductor, el estudio vizca\u00edno Mugarri Interiorismo ha dise\u00f1ado en su totalidad un piso de obra nueva que, adem\u00e1s de destacar por una marcada personalidad, ofrece distintas soluciones de almacenamiento, realizadas con mobiliario a medida de Tegar. Desde la zona de d\u00eda hasta la zona de descanso, la coherencia visual [&hellip;]\" \/>\n<meta property=\"og:url\" content=\"https:\/\/tegarmobel.com\/tegardlf\/proyectos-clientes-tegar-casa-turkesa\/\" \/>\n<meta property=\"og:site_name\" content=\"Tegar Daily Life Furniture\" \/>\n<meta property=\"article:published_time\" content=\"2023-10-10T08:59:33+00:00\" \/>\n<meta property=\"article:modified_time\" content=\"2026-04-09T06:02:36+00:00\" \/>\n<meta property=\"og:image\" content=\"https:\/\/tegarmobel.com\/tegardlf\/wp-content\/uploads\/2023\/10\/image-2.png\" \/>\n\t<meta property=\"og:image:width\" content=\"611\" \/>\n\t<meta property=\"og:image:height\" content=\"571\" \/>\n\t<meta property=\"og:image:type\" content=\"image\/png\" \/>\n<meta name=\"author\" content=\"alfred-tegarmobel\" \/>\n<meta name=\"twitter:card\" content=\"summary_large_image\" \/>\n<meta name=\"twitter:label1\" content=\"Escrito por\" \/>\n\t<meta name=\"twitter:data1\" content=\"alfred-tegarmobel\" \/>\n\t<meta name=\"twitter:label2\" content=\"Tiempo de lectura\" \/>\n\t<meta name=\"twitter:data2\" content=\"2 minutos\" \/>\n<script type=\"application\/ld+json\" class=\"yoast-schema-graph\">{\"@context\":\"https:\\\/\\\/schema.org\",\"@graph\":[{\"@type\":\"Article\",\"@id\":\"https:\\\/\\\/tegarmobel.com\\\/tegardlf\\\/proyectos-clientes-tegar-casa-turkesa\\\/#article\",\"isPartOf\":{\"@id\":\"https:\\\/\\\/tegarmobel.com\\\/tegardlf\\\/proyectos-clientes-tegar-casa-turkesa\\\/\"},\"author\":{\"name\":\"alfred-tegarmobel\",\"@id\":\"https:\\\/\\\/tegarmobel.com\\\/tegardlf\\\/#\\\/schema\\\/person\\\/256b9a6e00877f1d7e9add8453e82213\"},\"headline\":\"Proyectos Tegar | Casa Turquesa\",\"datePublished\":\"2023-10-10T08:59:33+00:00\",\"dateModified\":\"2026-04-09T06:02:36+00:00\",\"mainEntityOfPage\":{\"@id\":\"https:\\\/\\\/tegarmobel.com\\\/tegardlf\\\/proyectos-clientes-tegar-casa-turkesa\\\/\"},\"wordCount\":470,\"publisher\":{\"@id\":\"https:\\\/\\\/tegarmobel.com\\\/tegardlf\\\/#organization\"},\"image\":{\"@id\":\"https:\\\/\\\/tegarmobel.com\\\/tegardlf\\\/proyectos-clientes-tegar-casa-turkesa\\\/#primaryimage\"},\"thumbnailUrl\":\"https:\\\/\\\/tegarmobel.com\\\/tegardlf\\\/wp-content\\\/uploads\\\/2023\\\/10\\\/image-2.png\",\"keywords\":[\"amueblamiento integral\",\"dormitorio matrimonio\",\"habitacion infantil\",\"reforma integral\"],\"articleSection\":[\"Amueblamiento integral\",\"dormitorios\",\"Infantil\",\"Proyectos\",\"reforma\"],\"inLanguage\":\"es\"},{\"@type\":\"WebPage\",\"@id\":\"https:\\\/\\\/tegarmobel.com\\\/tegardlf\\\/proyectos-clientes-tegar-casa-turkesa\\\/\",\"url\":\"https:\\\/\\\/tegarmobel.com\\\/tegardlf\\\/proyectos-clientes-tegar-casa-turkesa\\\/\",\"name\":\"Proyectos Tegar | Casa Turquesa - Tegar Daily Life Furniture\",\"isPartOf\":{\"@id\":\"https:\\\/\\\/tegarmobel.com\\\/tegardlf\\\/#website\"},\"primaryImageOfPage\":{\"@id\":\"https:\\\/\\\/tegarmobel.com\\\/tegardlf\\\/proyectos-clientes-tegar-casa-turkesa\\\/#primaryimage\"},\"image\":{\"@id\":\"https:\\\/\\\/tegarmobel.com\\\/tegardlf\\\/proyectos-clientes-tegar-casa-turkesa\\\/#primaryimage\"},\"thumbnailUrl\":\"https:\\\/\\\/tegarmobel.com\\\/tegardlf\\\/wp-content\\\/uploads\\\/2023\\\/10\\\/image-2.png\",\"datePublished\":\"2023-10-10T08:59:33+00:00\",\"dateModified\":\"2026-04-09T06:02:36+00:00\",\"breadcrumb\":{\"@id\":\"https:\\\/\\\/tegarmobel.com\\\/tegardlf\\\/proyectos-clientes-tegar-casa-turkesa\\\/#breadcrumb\"},\"inLanguage\":\"es\",\"potentialAction\":[{\"@type\":\"ReadAction\",\"target\":[\"https:\\\/\\\/tegarmobel.com\\\/tegardlf\\\/proyectos-clientes-tegar-casa-turkesa\\\/\"]}]},{\"@type\":\"ImageObject\",\"inLanguage\":\"es\",\"@id\":\"https:\\\/\\\/tegarmobel.com\\\/tegardlf\\\/proyectos-clientes-tegar-casa-turkesa\\\/#primaryimage\",\"url\":\"https:\\\/\\\/tegarmobel.com\\\/tegardlf\\\/wp-content\\\/uploads\\\/2023\\\/10\\\/image-2.png\",\"contentUrl\":\"https:\\\/\\\/tegarmobel.com\\\/tegardlf\\\/wp-content\\\/uploads\\\/2023\\\/10\\\/image-2.png\",\"width\":611,\"height\":571,\"caption\":\"Casa Turkesa - reforma integral vivienda\"},{\"@type\":\"BreadcrumbList\",\"@id\":\"https:\\\/\\\/tegarmobel.com\\\/tegardlf\\\/proyectos-clientes-tegar-casa-turkesa\\\/#breadcrumb\",\"itemListElement\":[{\"@type\":\"ListItem\",\"position\":1,\"name\":\"Portada\",\"item\":\"https:\\\/\\\/tegarmobel.com\\\/tegardlf\\\/\"},{\"@type\":\"ListItem\",\"position\":2,\"name\":\"Proyectos Tegar | Casa Turquesa\"}]},{\"@type\":\"WebSite\",\"@id\":\"https:\\\/\\\/tegarmobel.com\\\/tegardlf\\\/#website\",\"url\":\"https:\\\/\\\/tegarmobel.com\\\/tegardlf\\\/\",\"name\":\"Tegar Daily Life Furniture\",\"description\":\"Tegar Daily Life Furniture\",\"publisher\":{\"@id\":\"https:\\\/\\\/tegarmobel.com\\\/tegardlf\\\/#organization\"},\"potentialAction\":[{\"@type\":\"SearchAction\",\"target\":{\"@type\":\"EntryPoint\",\"urlTemplate\":\"https:\\\/\\\/tegarmobel.com\\\/tegardlf\\\/?s={search_term_string}\"},\"query-input\":{\"@type\":\"PropertyValueSpecification\",\"valueRequired\":true,\"valueName\":\"search_term_string\"}}],\"inLanguage\":\"es\"},{\"@type\":\"Organization\",\"@id\":\"https:\\\/\\\/tegarmobel.com\\\/tegardlf\\\/#organization\",\"name\":\"Tegar Daily Life Furniture\",\"url\":\"https:\\\/\\\/tegarmobel.com\\\/tegardlf\\\/\",\"logo\":{\"@type\":\"ImageObject\",\"inLanguage\":\"es\",\"@id\":\"https:\\\/\\\/tegarmobel.com\\\/tegardlf\\\/#\\\/schema\\\/logo\\\/image\\\/\",\"url\":\"https:\\\/\\\/tegarmobel.com\\\/tegardlf\\\/wp-content\\\/uploads\\\/2021\\\/09\\\/Logo-tegar-web8.png\",\"contentUrl\":\"https:\\\/\\\/tegarmobel.com\\\/tegardlf\\\/wp-content\\\/uploads\\\/2021\\\/09\\\/Logo-tegar-web8.png\",\"width\":1000,\"height\":162,\"caption\":\"Tegar Daily Life Furniture\"},\"image\":{\"@id\":\"https:\\\/\\\/tegarmobel.com\\\/tegardlf\\\/#\\\/schema\\\/logo\\\/image\\\/\"}},{\"@type\":\"Person\",\"@id\":\"https:\\\/\\\/tegarmobel.com\\\/tegardlf\\\/#\\\/schema\\\/person\\\/256b9a6e00877f1d7e9add8453e82213\",\"name\":\"alfred-tegarmobel\",\"image\":{\"@type\":\"ImageObject\",\"inLanguage\":\"es\",\"@id\":\"https:\\\/\\\/secure.gravatar.com\\\/avatar\\\/d94bd29aca0abd7ca9987ddc5b354de5c23cb4bc3ff03ed0ea36ff13abc64655?s=96&d=mm&r=g\",\"url\":\"https:\\\/\\\/secure.gravatar.com\\\/avatar\\\/d94bd29aca0abd7ca9987ddc5b354de5c23cb4bc3ff03ed0ea36ff13abc64655?s=96&d=mm&r=g\",\"contentUrl\":\"https:\\\/\\\/secure.gravatar.com\\\/avatar\\\/d94bd29aca0abd7ca9987ddc5b354de5c23cb4bc3ff03ed0ea36ff13abc64655?s=96&d=mm&r=g\",\"caption\":\"alfred-tegarmobel\"},\"sameAs\":[\"http:\\\/\\\/tegarmobel.com\\\/tegardlf\"],\"url\":\"https:\\\/\\\/tegarmobel.com\\\/tegardlf\\\/author\\\/alfredtegar\\\/\"}]}<\/script>\n<!-- \/ Yoast SEO plugin. -->","yoast_head_json":{"title":"Proyectos Tegar | Casa Turquesa - Tegar Daily Life Furniture","robots":{"index":"index","follow":"follow","max-snippet":"max-snippet:-1","max-image-preview":"max-image-preview:large","max-video-preview":"max-video-preview:-1"},"canonical":"https:\/\/tegarmobel.com\/tegardlf\/proyectos-clientes-tegar-casa-turkesa\/","og_locale":"es_ES","og_type":"article","og_title":"Proyectos Tegar | Casa Turquesa - Tegar Daily Life Furniture","og_description":"Con el azul turquesa como hilo conductor, el estudio vizca\u00edno Mugarri Interiorismo ha dise\u00f1ado en su totalidad un piso de obra nueva que, adem\u00e1s de destacar por una marcada personalidad, ofrece distintas soluciones de almacenamiento, realizadas con mobiliario a medida de Tegar. Desde la zona de d\u00eda hasta la zona de descanso, la coherencia visual [&hellip;]","og_url":"https:\/\/tegarmobel.com\/tegardlf\/proyectos-clientes-tegar-casa-turkesa\/","og_site_name":"Tegar Daily Life Furniture","article_published_time":"2023-10-10T08:59:33+00:00","article_modified_time":"2026-04-09T06:02:36+00:00","og_image":[{"width":611,"height":571,"url":"https:\/\/tegarmobel.com\/tegardlf\/wp-content\/uploads\/2023\/10\/image-2.png","type":"image\/png"}],"author":"alfred-tegarmobel","twitter_card":"summary_large_image","twitter_misc":{"Escrito por":"alfred-tegarmobel","Tiempo de lectura":"2 minutos"},"schema":{"@context":"https:\/\/schema.org","@graph":[{"@type":"Article","@id":"https:\/\/tegarmobel.com\/tegardlf\/proyectos-clientes-tegar-casa-turkesa\/#article","isPartOf":{"@id":"https:\/\/tegarmobel.com\/tegardlf\/proyectos-clientes-tegar-casa-turkesa\/"},"author":{"name":"alfred-tegarmobel","@id":"https:\/\/tegarmobel.com\/tegardlf\/#\/schema\/person\/256b9a6e00877f1d7e9add8453e82213"},"headline":"Proyectos Tegar | Casa Turquesa","datePublished":"2023-10-10T08:59:33+00:00","dateModified":"2026-04-09T06:02:36+00:00","mainEntityOfPage":{"@id":"https:\/\/tegarmobel.com\/tegardlf\/proyectos-clientes-tegar-casa-turkesa\/"},"wordCount":470,"publisher":{"@id":"https:\/\/tegarmobel.com\/tegardlf\/#organization"},"image":{"@id":"https:\/\/tegarmobel.com\/tegardlf\/proyectos-clientes-tegar-casa-turkesa\/#primaryimage"},"thumbnailUrl":"https:\/\/tegarmobel.com\/tegardlf\/wp-content\/uploads\/2023\/10\/image-2.png","keywords":["amueblamiento integral","dormitorio matrimonio","habitacion infantil","reforma integral"],"articleSection":["Amueblamiento integral","dormitorios","Infantil","Proyectos","reforma"],"inLanguage":"es"},{"@type":"WebPage","@id":"https:\/\/tegarmobel.com\/tegardlf\/proyectos-clientes-tegar-casa-turkesa\/","url":"https:\/\/tegarmobel.com\/tegardlf\/proyectos-clientes-tegar-casa-turkesa\/","name":"Proyectos Tegar | Casa Turquesa - Tegar Daily Life Furniture","isPartOf":{"@id":"https:\/\/tegarmobel.com\/tegardlf\/#website"},"primaryImageOfPage":{"@id":"https:\/\/tegarmobel.com\/tegardlf\/proyectos-clientes-tegar-casa-turkesa\/#primaryimage"},"image":{"@id":"https:\/\/tegarmobel.com\/tegardlf\/proyectos-clientes-tegar-casa-turkesa\/#primaryimage"},"thumbnailUrl":"https:\/\/tegarmobel.com\/tegardlf\/wp-content\/uploads\/2023\/10\/image-2.png","datePublished":"2023-10-10T08:59:33+00:00","dateModified":"2026-04-09T06:02:36+00:00","breadcrumb":{"@id":"https:\/\/tegarmobel.com\/tegardlf\/proyectos-clientes-tegar-casa-turkesa\/#breadcrumb"},"inLanguage":"es","potentialAction":[{"@type":"ReadAction","target":["https:\/\/tegarmobel.com\/tegardlf\/proyectos-clientes-tegar-casa-turkesa\/"]}]},{"@type":"ImageObject","inLanguage":"es","@id":"https:\/\/tegarmobel.com\/tegardlf\/proyectos-clientes-tegar-casa-turkesa\/#primaryimage","url":"https:\/\/tegarmobel.com\/tegardlf\/wp-content\/uploads\/2023\/10\/image-2.png","contentUrl":"https:\/\/tegarmobel.com\/tegardlf\/wp-content\/uploads\/2023\/10\/image-2.png","width":611,"height":571,"caption":"Casa Turkesa - reforma integral vivienda"},{"@type":"BreadcrumbList","@id":"https:\/\/tegarmobel.com\/tegardlf\/proyectos-clientes-tegar-casa-turkesa\/#breadcrumb","itemListElement":[{"@type":"ListItem","position":1,"name":"Portada","item":"https:\/\/tegarmobel.com\/tegardlf\/"},{"@type":"ListItem","position":2,"name":"Proyectos Tegar | Casa Turquesa"}]},{"@type":"WebSite","@id":"https:\/\/tegarmobel.com\/tegardlf\/#website","url":"https:\/\/tegarmobel.com\/tegardlf\/","name":"Tegar Daily Life Furniture","description":"Tegar Daily Life Furniture","publisher":{"@id":"https:\/\/tegarmobel.com\/tegardlf\/#organization"},"potentialAction":[{"@type":"SearchAction","target":{"@type":"EntryPoint","urlTemplate":"https:\/\/tegarmobel.com\/tegardlf\/?s={search_term_string}"},"query-input":{"@type":"PropertyValueSpecification","valueRequired":true,"valueName":"search_term_string"}}],"inLanguage":"es"},{"@type":"Organization","@id":"https:\/\/tegarmobel.com\/tegardlf\/#organization","name":"Tegar Daily Life Furniture","url":"https:\/\/tegarmobel.com\/tegardlf\/","logo":{"@type":"ImageObject","inLanguage":"es","@id":"https:\/\/tegarmobel.com\/tegardlf\/#\/schema\/logo\/image\/","url":"https:\/\/tegarmobel.com\/tegardlf\/wp-content\/uploads\/2021\/09\/Logo-tegar-web8.png","contentUrl":"https:\/\/tegarmobel.com\/tegardlf\/wp-content\/uploads\/2021\/09\/Logo-tegar-web8.png","width":1000,"height":162,"caption":"Tegar Daily Life Furniture"},"image":{"@id":"https:\/\/tegarmobel.com\/tegardlf\/#\/schema\/logo\/image\/"}},{"@type":"Person","@id":"https:\/\/tegarmobel.com\/tegardlf\/#\/schema\/person\/256b9a6e00877f1d7e9add8453e82213","name":"alfred-tegarmobel","image":{"@type":"ImageObject","inLanguage":"es","@id":"https:\/\/secure.gravatar.com\/avatar\/d94bd29aca0abd7ca9987ddc5b354de5c23cb4bc3ff03ed0ea36ff13abc64655?s=96&d=mm&r=g","url":"https:\/\/secure.gravatar.com\/avatar\/d94bd29aca0abd7ca9987ddc5b354de5c23cb4bc3ff03ed0ea36ff13abc64655?s=96&d=mm&r=g","contentUrl":"https:\/\/secure.gravatar.com\/avatar\/d94bd29aca0abd7ca9987ddc5b354de5c23cb4bc3ff03ed0ea36ff13abc64655?s=96&d=mm&r=g","caption":"alfred-tegarmobel"},"sameAs":["http:\/\/tegarmobel.com\/tegardlf"],"url":"https:\/\/tegarmobel.com\/tegardlf\/author\/alfredtegar\/"}]}},"_links":{"self":[{"href":"https:\/\/tegarmobel.com\/tegardlf\/wp-json\/wp\/v2\/posts\/5530","targetHints":{"allow":["GET"]}}],"collection":[{"href":"https:\/\/tegarmobel.com\/tegardlf\/wp-json\/wp\/v2\/posts"}],"about":[{"href":"https:\/\/tegarmobel.com\/tegardlf\/wp-json\/wp\/v2\/types\/post"}],"author":[{"embeddable":true,"href":"https:\/\/tegarmobel.com\/tegardlf\/wp-json\/wp\/v2\/users\/1"}],"replies":[{"embeddable":true,"href":"https:\/\/tegarmobel.com\/tegardlf\/wp-json\/wp\/v2\/comments?post=5530"}],"version-history":[{"count":2,"href":"https:\/\/tegarmobel.com\/tegardlf\/wp-json\/wp\/v2\/posts\/5530\/revisions"}],"predecessor-version":[{"id":6868,"href":"https:\/\/tegarmobel.com\/tegardlf\/wp-json\/wp\/v2\/posts\/5530\/revisions\/6868"}],"wp:featuredmedia":[{"embeddable":true,"href":"https:\/\/tegarmobel.com\/tegardlf\/wp-json\/wp\/v2\/media\/5533"}],"wp:attachment":[{"href":"https:\/\/tegarmobel.com\/tegardlf\/wp-json\/wp\/v2\/media?parent=5530"}],"wp:term":[{"taxonomy":"category","embeddable":true,"href":"https:\/\/tegarmobel.com\/tegardlf\/wp-json\/wp\/v2\/categories?post=5530"},{"taxonomy":"post_tag","embeddable":true,"href":"https:\/\/tegarmobel.com\/tegardlf\/wp-json\/wp\/v2\/tags?post=5530"}],"curies":[{"name":"wp","href":"https:\/\/api.w.org\/{rel}","templated":true}]}}